{"id":3010,"date":"2011-09-08T15:16:46","date_gmt":"2011-09-08T12:16:46","guid":{"rendered":"http:\/\/onmky.fi\/osastot\/koripallo\/blog\/?p=3010"},"modified":"2011-09-08T15:17:31","modified_gmt":"2011-09-08T12:17:31","slug":"uudet-harjoitusajat","status":"publish","type":"post","link":"https:\/\/onmky.fi\/osastot\/koripallo\/blog\/2011\/09\/08\/uudet-harjoitusajat\/","title":{"rendered":"Uudet harjoitusajat!"},"content":{"rendered":"<p>Talven harjoitusajat ovat tulleet ja ne astuvat voimaan ensi maanantaista (12.9.2011) alkaen.<\/p>\n<p>Ajat l\u00f6ytyv\u00e4t <a href=\"http:\/\/onmky.fi\/osastot\/koripallo\/blog\/harjoitusajat\/\">harjoitusajat palkista<\/a>.<\/p>\n<p>&nbsp;<\/p>\n<p>Lis\u00e4tietoja: Mika Lustig Puh: 0440202228 Email: mika.lustig (at) onmky.fi<\/p>\n","protected":false},"excerpt":{"rendered":"<p>Talven harjoitusajat ovat tulleet ja ne astuvat voimaan ensi maanantaista (12.9.2011) alkaen. Ajat l\u00f6ytyv\u00e4t harjoitusajat palkista. &nbsp; Lis\u00e4tietoja: Mika Lustig Puh: 0440202228 Email: mika.lustig (at) onmky.fi<\/p>\n","protected":false},"author":86,"featured_media":0,"comment_status":"open","ping_status":"open","sticky":false,"template":"","format":"standard","meta":{"_et_pb_use_builder":"","_et_pb_old_content":"","_et_gb_content_width":"","footnotes":""},"categories":[13,14,11,12,6,3,41,9,10,7,8,39,16,4,1],"tags":[],"class_list":["post-3010","post","type-post","status-publish","format-standard","hentry","category-a-pojat","category-a-tytot","category-b-pojat","category-b-tytot","category-c-pojat","category-c-tytot","category-miesten-edustusjoukkue","category-mikropojat","category-mikrotytot","category-minipojat","category-minitytot","category-pepa","category-tapahtumat","category-tiedotukset","category-uncategorized"],"_links":{"self":[{"href":"https:\/\/onmky.fi\/osastot\/koripallo\/blog\/wp-json\/wp\/v2\/posts\/3010","targetHints":{"allow":["GET"]}}],"collection":[{"href":"https:\/\/onmky.fi\/osastot\/koripallo\/blog\/wp-json\/wp\/v2\/posts"}],"about":[{"href":"https:\/\/onmky.fi\/osastot\/koripallo\/blog\/wp-json\/wp\/v2\/types\/post"}],"author":[{"embeddable":true,"href":"https:\/\/onmky.fi\/osastot\/koripallo\/blog\/wp-json\/wp\/v2\/users\/86"}],"replies":[{"embeddable":true,"href":"https:\/\/onmky.fi\/osastot\/koripallo\/blog\/wp-json\/wp\/v2\/comments?post=3010"}],"version-history":[{"count":4,"href":"https:\/\/onmky.fi\/osastot\/koripallo\/blog\/wp-json\/wp\/v2\/posts\/3010\/revisions"}],"predecessor-version":[{"id":3015,"href":"https:\/\/onmky.fi\/osastot\/koripallo\/blog\/wp-json\/wp\/v2\/posts\/3010\/revisions\/3015"}],"wp:attachment":[{"href":"https:\/\/onmky.fi\/osastot\/koripallo\/blog\/wp-json\/wp\/v2\/media?parent=3010"}],"wp:term":[{"taxonomy":"category","embeddable":true,"href":"https:\/\/onmky.fi\/osastot\/koripallo\/blog\/wp-json\/wp\/v2\/categories?post=3010"},{"taxonomy":"post_tag","embeddable":true,"href":"https:\/\/onmky.fi\/osastot\/koripallo\/blog\/wp-json\/wp\/v2\/tags?post=3010"}],"curies":[{"name":"wp","href":"https:\/\/api.w.org\/{rel}","templated":true}]}}