{"id":3016,"date":"2011-09-16T11:16:19","date_gmt":"2011-09-16T08:16:19","guid":{"rendered":"http:\/\/onmky.fi\/osastot\/koripallo\/blog\/?p=3016"},"modified":"2011-09-16T11:16:35","modified_gmt":"2011-09-16T08:16:35","slug":"mikro-minien-toiminta-ja-harjoitusajat","status":"publish","type":"post","link":"https:\/\/onmky.fi\/osastot\/koripallo\/blog\/2011\/09\/16\/mikro-minien-toiminta-ja-harjoitusajat\/","title":{"rendered":"Mikro-minien toiminta ja harjoitusajat!"},"content":{"rendered":"<p>Mini- ja mikroik\u00e4isten harjoitukset ovat jo py\u00f6rineet uusilla ryhmill\u00e4 t\u00e4m\u00e4n viikon, mutta parempi tiedottaa my\u00f6h\u00e4\u00e4n kuin ei milloinkaan.. Eli harjoitusajat ovat uudet ja lis\u00e4ksi niin mikro- ja minipoikiin kuin mikro- ja minitytt\u00f6ihin on tullut toiset joukkueet. Eli mikropojissa, minipojissa, mikrotyt\u00f6iss\u00e4 ja minityt\u00f6iss\u00e4 tulee t\u00e4st\u00e4 eteenp\u00e4in olemaan kaksi joukkuetta. Toisilla joukkueille harjoitukset tulevat olemaan kaupungin pohjoispuolella ja toisilla keskustassa\/ kaupungin etel\u00e4puolella.<\/p>\n<p>&nbsp;<\/p>\n<p>Keskustan mikro- ja minipojat harjoittelevat viel\u00e4 alussa yhdesss\u00e4 kunnes j\u00e4rjestelyt saadaan siihen malliin, ett\u00e4 kummallekin joukkueelle saadaan omat harjoitukset.<\/p>\n<p>&nbsp;<\/p>\n<p>Uudet pelaajat, jotka tulevat tomintaan mukaan: Voitte menn\u00e4 teit\u00e4 l\u00e4hemp\u00e4n\u00e4 harjoittelevan joukkueen mukaan.<\/p>\n<p>&nbsp;<\/p>\n<p>Harjoitusajat ovat seuraavat:<\/p>\n<p><strong>Minipojat &#8221;pohjoinen&#8221;:<\/strong><\/p>\n<p>Maanantai 18.00-19.00 Koskela<\/p>\n<p>Torstai 19.00-20.30 Koskela <strong><\/strong><\/p>\n<p><strong>Minipojat &#8221;keskusta&#8221;:<\/strong><\/p>\n<p>Tiistai 19.00-20.00 KV-Koulu<\/p>\n<p>Torstai 17.00-18.00 Karjasilta<\/p>\n<p><strong>Mikropojat &#8221;pohjoinen&#8221;:<\/strong><\/p>\n<p>Maanantai 17.00-18.00 Koskela<\/p>\n<p>Perjantai 16.30-17.30 Koskela <strong><\/strong><\/p>\n<p><strong>Mikropojat &#8221;keskusta&#8221;:<\/strong><\/p>\n<p>Tiistai 19.00-20.00 KV-koulu<\/p>\n<p>Torstai 17.00-18.00 Karjasilta<\/p>\n<p><strong>Minityt\u00f6t &#8221;pohjoinen&#8221;:<\/strong><\/p>\n<p>Maanantai 17.00-18.00 Rajakyl\u00e4<\/p>\n<p>Keskiviikko 18.00-19.00 Rajakyl\u00e4<\/p>\n<p><strong>Minityt\u00f6t &#8221;keskusta&#8221;:<\/strong><\/p>\n<p>Maanantai 17.00-18.00 Karjasilta<\/p>\n<p>Torstai 18.00-19.00 Maikkulan AA <strong><\/strong><\/p>\n<p><strong>Mikrotyt\u00f6t &#8221;pohjoinen&#8221;:<\/strong><\/p>\n<p>Maanantai 17.00-18.00 Rajakyl\u00e4<\/p>\n<p>Keskiviikko 17.00-18.00 Rajakyl\u00e4<\/p>\n<p><strong>Mikrotyt\u00f6t &#8221;keskusta&#8221;:<\/strong><\/p>\n<p>Maanantai 17.00-18.00 Karjasilta<\/p>\n<p>Torstai 17.00-18.00 Maikkula AA<\/p>\n<p>&nbsp;<\/p>\n<p>Lis\u00e4tietoja: Mika Lustig Puh: 0440202228 Email: mika.lustig (at) onmky.fi<\/p>\n<table style=\"border-collapse: collapse; width: 258pt;\" width=\"344\" border=\"0\" cellspacing=\"0\" cellpadding=\"0\">\n<tbody>\n<tr style=\"height: 12.75pt;\">\n<td style=\"height: 12.75pt;\" height=\"17\"><\/td>\n<td><\/td>\n<td><\/td>\n<\/tr>\n<tr style=\"height: 12.75pt;\">\n<td class=\"xl22\" style=\"height: 12.75pt;\" height=\"17\"><\/td>\n<td style=\"mso-ignore: colspan;\" colspan=\"2\"><\/td>\n<\/tr>\n<tr style=\"height: 12.75pt;\">\n<td class=\"xl22\" style=\"height: 12.75pt;\" height=\"17\"><\/td>\n<td><\/td>\n<td><\/td>\n<\/tr>\n<tr style=\"height: 12.75pt;\">\n<td class=\"xl22\" style=\"height: 12.75pt;\" height=\"17\"><\/td>\n<td><\/td>\n<td><\/td>\n<\/tr>\n<tr style=\"height: 12.75pt;\">\n<td class=\"xl22\" style=\"height: 12.75pt;\" height=\"17\"><\/td>\n<td style=\"mso-ignore: colspan;\" colspan=\"2\"><\/td>\n<\/tr>\n<tr style=\"height: 12.75pt;\">\n<td class=\"xl22\" style=\"height: 12.75pt;\" height=\"17\"><\/td>\n<td><\/td>\n<td><\/td>\n<\/tr>\n<\/tbody>\n<\/table>\n","protected":false},"excerpt":{"rendered":"<p>Mini- ja mikroik\u00e4isten harjoitukset ovat jo py\u00f6rineet uusilla ryhmill\u00e4 t\u00e4m\u00e4n viikon, mutta parempi tiedottaa my\u00f6h\u00e4\u00e4n kuin ei milloinkaan.. Eli harjoitusajat ovat uudet ja lis\u00e4ksi niin mikro- ja minipoikiin kuin mikro- ja minitytt\u00f6ihin on tullut toiset joukkueet. Eli mikropojissa, minipojissa, mikrotyt\u00f6iss\u00e4 ja minityt\u00f6iss\u00e4 tulee t\u00e4st\u00e4 eteenp\u00e4in olemaan kaksi joukkuetta. Toisilla joukkueille harjoitukset tulevat olemaan kaupungin pohjoispuolella [&hellip;]<\/p>\n","protected":false},"author":86,"featured_media":0,"comment_status":"open","ping_status":"open","sticky":false,"template":"","format":"standard","meta":{"_et_pb_use_builder":"","_et_pb_old_content":"","_et_gb_content_width":"","footnotes":""},"categories":[9,10,7,8,4,1],"tags":[],"class_list":["post-3016","post","type-post","status-publish","format-standard","hentry","category-mikropojat","category-mikrotytot","category-minipojat","category-minitytot","category-tiedotukset","category-uncategorized"],"_links":{"self":[{"href":"https:\/\/onmky.fi\/osastot\/koripallo\/blog\/wp-json\/wp\/v2\/posts\/3016","targetHints":{"allow":["GET"]}}],"collection":[{"href":"https:\/\/onmky.fi\/osastot\/koripallo\/blog\/wp-json\/wp\/v2\/posts"}],"about":[{"href":"https:\/\/onmky.fi\/osastot\/koripallo\/blog\/wp-json\/wp\/v2\/types\/post"}],"author":[{"embeddable":true,"href":"https:\/\/onmky.fi\/osastot\/koripallo\/blog\/wp-json\/wp\/v2\/users\/86"}],"replies":[{"embeddable":true,"href":"https:\/\/onmky.fi\/osastot\/koripallo\/blog\/wp-json\/wp\/v2\/comments?post=3016"}],"version-history":[{"count":7,"href":"https:\/\/onmky.fi\/osastot\/koripallo\/blog\/wp-json\/wp\/v2\/posts\/3016\/revisions"}],"predecessor-version":[{"id":3029,"href":"https:\/\/onmky.fi\/osastot\/koripallo\/blog\/wp-json\/wp\/v2\/posts\/3016\/revisions\/3029"}],"wp:attachment":[{"href":"https:\/\/onmky.fi\/osastot\/koripallo\/blog\/wp-json\/wp\/v2\/media?parent=3016"}],"wp:term":[{"taxonomy":"category","embeddable":true,"href":"https:\/\/onmky.fi\/osastot\/koripallo\/blog\/wp-json\/wp\/v2\/categories?post=3016"},{"taxonomy":"post_tag","embeddable":true,"href":"https:\/\/onmky.fi\/osastot\/koripallo\/blog\/wp-json\/wp\/v2\/tags?post=3016"}],"curies":[{"name":"wp","href":"https:\/\/api.w.org\/{rel}","templated":true}]}}