{"id":3055,"date":"2011-09-22T11:27:04","date_gmt":"2011-09-22T08:27:04","guid":{"rendered":"http:\/\/onmky.fi\/osastot\/koripallo\/blog\/?p=3055"},"modified":"2011-09-22T11:27:27","modified_gmt":"2011-09-22T08:27:27","slug":"mini-ja-mikropoikien-huoltajienpalaveri","status":"publish","type":"post","link":"https:\/\/onmky.fi\/osastot\/koripallo\/blog\/2011\/09\/22\/mini-ja-mikropoikien-huoltajienpalaveri\/","title":{"rendered":"Mini- ja mikropoikien huoltajienpalaveri"},"content":{"rendered":"<p>Keskustan mini- ja mikropoikien, sek\u00e4 pohjoisen minipoikien joukkueiden huoltajien palaverit ovat tulossa. Pohjoisen mikropoikien osalta palaveri pidet\u00e4\u00e4n my\u00f6hemmin.<\/p>\n<p>Palaverit pidet\u00e4\u00e4n <strong>torstaina 29.9<\/strong>\u00a0poikien harjoitusten yhteydess\u00e4. Kaikkien vanhempien osallistuminen on t\u00e4rke\u00e4\u00e4. Pojat harjoittelevat tuolloin normaalisti, ja vanhemmat osallistuvat palaveriin harjoitusten aikana\/ennen harjoituksia.<\/p>\n<p><strong>Keskustan mini- ja mikropoikien palaveri: 17.30 karjasilta<\/strong><\/p>\n<p><strong>Pohjoisen minipoikien palaveri: 18.45 koskela\u00a0<\/strong><\/p>\n<p>Palaverien kesto on n.30min<\/p>\n<p>&nbsp;<\/p>\n<p>Lis\u00e4tietoja: Mika Lustig Puh: 044-0202228 Email: mika.lustig (at) onmky.fi<\/p>\n","protected":false},"excerpt":{"rendered":"<p>Keskustan mini- ja mikropoikien, sek\u00e4 pohjoisen minipoikien joukkueiden huoltajien palaverit ovat tulossa. Pohjoisen mikropoikien osalta palaveri pidet\u00e4\u00e4n my\u00f6hemmin. Palaverit pidet\u00e4\u00e4n torstaina 29.9\u00a0poikien harjoitusten yhteydess\u00e4. Kaikkien vanhempien osallistuminen on t\u00e4rke\u00e4\u00e4. Pojat harjoittelevat tuolloin normaalisti, ja vanhemmat osallistuvat palaveriin harjoitusten aikana\/ennen harjoituksia. Keskustan mini- ja mikropoikien palaveri: 17.30 karjasilta Pohjoisen minipoikien palaveri: 18.45 koskela\u00a0 Palaverien kesto on [&hellip;]<\/p>\n","protected":false},"author":86,"featured_media":0,"comment_status":"open","ping_status":"open","sticky":false,"template":"","format":"standard","meta":{"_et_pb_use_builder":"","_et_pb_old_content":"","_et_gb_content_width":"","footnotes":""},"categories":[9,7,4],"tags":[],"class_list":["post-3055","post","type-post","status-publish","format-standard","hentry","category-mikropojat","category-minipojat","category-tiedotukset"],"_links":{"self":[{"href":"https:\/\/onmky.fi\/osastot\/koripallo\/blog\/wp-json\/wp\/v2\/posts\/3055","targetHints":{"allow":["GET"]}}],"collection":[{"href":"https:\/\/onmky.fi\/osastot\/koripallo\/blog\/wp-json\/wp\/v2\/posts"}],"about":[{"href":"https:\/\/onmky.fi\/osastot\/koripallo\/blog\/wp-json\/wp\/v2\/types\/post"}],"author":[{"embeddable":true,"href":"https:\/\/onmky.fi\/osastot\/koripallo\/blog\/wp-json\/wp\/v2\/users\/86"}],"replies":[{"embeddable":true,"href":"https:\/\/onmky.fi\/osastot\/koripallo\/blog\/wp-json\/wp\/v2\/comments?post=3055"}],"version-history":[{"count":2,"href":"https:\/\/onmky.fi\/osastot\/koripallo\/blog\/wp-json\/wp\/v2\/posts\/3055\/revisions"}],"predecessor-version":[{"id":3058,"href":"https:\/\/onmky.fi\/osastot\/koripallo\/blog\/wp-json\/wp\/v2\/posts\/3055\/revisions\/3058"}],"wp:attachment":[{"href":"https:\/\/onmky.fi\/osastot\/koripallo\/blog\/wp-json\/wp\/v2\/media?parent=3055"}],"wp:term":[{"taxonomy":"category","embeddable":true,"href":"https:\/\/onmky.fi\/osastot\/koripallo\/blog\/wp-json\/wp\/v2\/categories?post=3055"},{"taxonomy":"post_tag","embeddable":true,"href":"https:\/\/onmky.fi\/osastot\/koripallo\/blog\/wp-json\/wp\/v2\/tags?post=3055"}],"curies":[{"name":"wp","href":"https:\/\/api.w.org\/{rel}","templated":true}]}}