{"id":3071,"date":"2011-09-26T13:24:33","date_gmt":"2011-09-26T10:24:33","guid":{"rendered":"http:\/\/onmky.fi\/osastot\/koripallo\/blog\/?p=3071"},"modified":"2011-09-26T13:24:44","modified_gmt":"2011-09-26T10:24:44","slug":"toimitsijakoulutus-myos-1-10","status":"publish","type":"post","link":"https:\/\/onmky.fi\/osastot\/koripallo\/blog\/2011\/09\/26\/toimitsijakoulutus-myos-1-10\/","title":{"rendered":"Toimitsijakoulutus lauantaina 1.10"},"content":{"rendered":"<p>Peruuntunut toimitsijakoulutus pidet\u00e4\u00e4n tulevana lauantaina 1.10 kello 14.15 alkaen Karjasillalla, c-poikien sm-karsintasarjan pelin yhteydess\u00e4. K\u00e4yd\u00e4\u00e4n siis l\u00e4pi toimitsijoiden teht\u00e4v\u00e4t ja karjasillan kellon k\u00e4ytt\u00e4minen. 15.00 alkaen poikien peli, jonka aikana p\u00e4\u00e4st\u00e4\u00e4n harjoittelemaan asioita k\u00e4yt\u00e4nn\u00f6ss\u00e4.<\/p>\n","protected":false},"excerpt":{"rendered":"<p>Peruuntunut toimitsijakoulutus pidet\u00e4\u00e4n tulevana lauantaina 1.10 kello 14.15 alkaen Karjasillalla, c-poikien sm-karsintasarjan pelin yhteydess\u00e4. K\u00e4yd\u00e4\u00e4n siis l\u00e4pi toimitsijoiden teht\u00e4v\u00e4t ja karjasillan kellon k\u00e4ytt\u00e4minen. 15.00 alkaen poikien peli, jonka aikana p\u00e4\u00e4st\u00e4\u00e4n harjoittelemaan asioita k\u00e4yt\u00e4nn\u00f6ss\u00e4.<\/p>\n","protected":false},"author":86,"featured_media":0,"comment_status":"open","ping_status":"open","sticky":false,"template":"","format":"standard","meta":{"_et_pb_use_builder":"","_et_pb_old_content":"","_et_gb_content_width":"","footnotes":""},"categories":[13,14,11,12,6,3,7,8,4],"tags":[],"class_list":["post-3071","post","type-post","status-publish","format-standard","hentry","category-a-pojat","category-a-tytot","category-b-pojat","category-b-tytot","category-c-pojat","category-c-tytot","category-minipojat","category-minitytot","category-tiedotukset"],"_links":{"self":[{"href":"https:\/\/onmky.fi\/osastot\/koripallo\/blog\/wp-json\/wp\/v2\/posts\/3071","targetHints":{"allow":["GET"]}}],"collection":[{"href":"https:\/\/onmky.fi\/osastot\/koripallo\/blog\/wp-json\/wp\/v2\/posts"}],"about":[{"href":"https:\/\/onmky.fi\/osastot\/koripallo\/blog\/wp-json\/wp\/v2\/types\/post"}],"author":[{"embeddable":true,"href":"https:\/\/onmky.fi\/osastot\/koripallo\/blog\/wp-json\/wp\/v2\/users\/86"}],"replies":[{"embeddable":true,"href":"https:\/\/onmky.fi\/osastot\/koripallo\/blog\/wp-json\/wp\/v2\/comments?post=3071"}],"version-history":[{"count":2,"href":"https:\/\/onmky.fi\/osastot\/koripallo\/blog\/wp-json\/wp\/v2\/posts\/3071\/revisions"}],"predecessor-version":[{"id":3073,"href":"https:\/\/onmky.fi\/osastot\/koripallo\/blog\/wp-json\/wp\/v2\/posts\/3071\/revisions\/3073"}],"wp:attachment":[{"href":"https:\/\/onmky.fi\/osastot\/koripallo\/blog\/wp-json\/wp\/v2\/media?parent=3071"}],"wp:term":[{"taxonomy":"category","embeddable":true,"href":"https:\/\/onmky.fi\/osastot\/koripallo\/blog\/wp-json\/wp\/v2\/categories?post=3071"},{"taxonomy":"post_tag","embeddable":true,"href":"https:\/\/onmky.fi\/osastot\/koripallo\/blog\/wp-json\/wp\/v2\/tags?post=3071"}],"curies":[{"name":"wp","href":"https:\/\/api.w.org\/{rel}","templated":true}]}}