{"id":3075,"date":"2011-09-28T16:51:56","date_gmt":"2011-09-28T13:51:56","guid":{"rendered":"http:\/\/onmky.fi\/osastot\/koripallo\/blog\/?p=3075"},"modified":"2011-09-28T16:51:56","modified_gmt":"2011-09-28T13:51:56","slug":"tilastointikoulutus-4-10-klo-18-00","status":"publish","type":"post","link":"https:\/\/onmky.fi\/osastot\/koripallo\/blog\/2011\/09\/28\/tilastointikoulutus-4-10-klo-18-00\/","title":{"rendered":"Tilastointikoulutus 4.10 klo 18.00"},"content":{"rendered":"<p>Tervehdys!!<\/p>\n<p>Koriskausi on py\u00f6r\u00e4ht\u00e4nyt k\u00e4yntiin ja tosipelit l\u00e4hestyv\u00e4t kovaa vauhtia. Tilastointi on yksi niist\u00e4 teht\u00e4vist\u00e4, joka t\u00e4ytyy hoitaa nuorten sek\u00e4 aikuisten valtakunnallisissa sarjoissa. T\u00e4ll\u00e4 kaudella Ynnin B-pojat pelaavat nuorten I-divisioonassa ja miesten edustusjoukkue miesten I-divisoonassa. N\u00e4iss\u00e4 sarjoissa kotijoukkue on velvollinen j\u00e4rjest\u00e4m\u00e4\u00e4n tilastoinnin.<\/p>\n<p>Oulun NMKY j\u00e4rjest\u00e4\u00e4 tilastointikoulutuksen tiistaina 4.10. klo 18.00-19.30 alkaen Karjasillan koululla.<\/p>\n<p>Kaikki B &#8211; A-juniorit (tyt\u00f6t \/ pojat) ovat velvollisia osallistumaan koulutukseen. T\u00e4m\u00e4n lis\u00e4ksi koulutukseen odotetaan B-poikien vanhempia sek\u00e4 edustusjoukkueen tilastoinnista vastaavia henkil\u00f6it\u00e4. My\u00f6s kaikki muut ovat eritt\u00e4in tervetulleita mukaan tilastointikoulutukseen!!<\/p>\n<p>Tervetuloa mukaan!!<\/p>\n","protected":false},"excerpt":{"rendered":"<p>Tervehdys!! Koriskausi on py\u00f6r\u00e4ht\u00e4nyt k\u00e4yntiin ja tosipelit l\u00e4hestyv\u00e4t kovaa vauhtia. Tilastointi on yksi niist\u00e4 teht\u00e4vist\u00e4, joka t\u00e4ytyy hoitaa nuorten sek\u00e4 aikuisten valtakunnallisissa sarjoissa. T\u00e4ll\u00e4 kaudella Ynnin B-pojat pelaavat nuorten I-divisioonassa ja miesten edustusjoukkue miesten I-divisoonassa. N\u00e4iss\u00e4 sarjoissa kotijoukkue on velvollinen j\u00e4rjest\u00e4m\u00e4\u00e4n tilastoinnin. Oulun NMKY j\u00e4rjest\u00e4\u00e4 tilastointikoulutuksen tiistaina 4.10. klo 18.00-19.30 alkaen Karjasillan koululla. Kaikki B [&hellip;]<\/p>\n","protected":false},"author":86,"featured_media":0,"comment_status":"open","ping_status":"open","sticky":false,"template":"","format":"standard","meta":{"_et_pb_use_builder":"","_et_pb_old_content":"","_et_gb_content_width":"","footnotes":""},"categories":[13,14,11,12,4],"tags":[],"class_list":["post-3075","post","type-post","status-publish","format-standard","hentry","category-a-pojat","category-a-tytot","category-b-pojat","category-b-tytot","category-tiedotukset"],"_links":{"self":[{"href":"https:\/\/onmky.fi\/osastot\/koripallo\/blog\/wp-json\/wp\/v2\/posts\/3075","targetHints":{"allow":["GET"]}}],"collection":[{"href":"https:\/\/onmky.fi\/osastot\/koripallo\/blog\/wp-json\/wp\/v2\/posts"}],"about":[{"href":"https:\/\/onmky.fi\/osastot\/koripallo\/blog\/wp-json\/wp\/v2\/types\/post"}],"author":[{"embeddable":true,"href":"https:\/\/onmky.fi\/osastot\/koripallo\/blog\/wp-json\/wp\/v2\/users\/86"}],"replies":[{"embeddable":true,"href":"https:\/\/onmky.fi\/osastot\/koripallo\/blog\/wp-json\/wp\/v2\/comments?post=3075"}],"version-history":[{"count":1,"href":"https:\/\/onmky.fi\/osastot\/koripallo\/blog\/wp-json\/wp\/v2\/posts\/3075\/revisions"}],"predecessor-version":[{"id":3076,"href":"https:\/\/onmky.fi\/osastot\/koripallo\/blog\/wp-json\/wp\/v2\/posts\/3075\/revisions\/3076"}],"wp:attachment":[{"href":"https:\/\/onmky.fi\/osastot\/koripallo\/blog\/wp-json\/wp\/v2\/media?parent=3075"}],"wp:term":[{"taxonomy":"category","embeddable":true,"href":"https:\/\/onmky.fi\/osastot\/koripallo\/blog\/wp-json\/wp\/v2\/categories?post=3075"},{"taxonomy":"post_tag","embeddable":true,"href":"https:\/\/onmky.fi\/osastot\/koripallo\/blog\/wp-json\/wp\/v2\/tags?post=3075"}],"curies":[{"name":"wp","href":"https:\/\/api.w.org\/{rel}","templated":true}]}}