{"id":3077,"date":"2011-09-28T17:06:19","date_gmt":"2011-09-28T14:06:19","guid":{"rendered":"http:\/\/onmky.fi\/osastot\/koripallo\/blog\/?p=3077"},"modified":"2011-09-28T17:06:19","modified_gmt":"2011-09-28T14:06:19","slug":"keskustan-mikrotyttojen-torstain-harjoitukset","status":"publish","type":"post","link":"https:\/\/onmky.fi\/osastot\/koripallo\/blog\/2011\/09\/28\/keskustan-mikrotyttojen-torstain-harjoitukset\/","title":{"rendered":"Keskustan mikrotytt\u00f6jen torstain harjoitukset"},"content":{"rendered":"<p>Keskustan mikrotytt\u00f6jen torstain harjoitukset pidet\u00e4\u00e4n toistaiseksi yhdess\u00e4 minitytt\u00f6jen kanssa.<\/p>\n<p>Torstain harjoitukset siis 18.00-19.00 Maikkulan ala-asteella, kunnes toisin ilmoitetaan.<\/p>\n","protected":false},"excerpt":{"rendered":"<p>Keskustan mikrotytt\u00f6jen torstain harjoitukset pidet\u00e4\u00e4n toistaiseksi yhdess\u00e4 minitytt\u00f6jen kanssa. Torstain harjoitukset siis 18.00-19.00 Maikkulan ala-asteella, kunnes toisin ilmoitetaan.<\/p>\n","protected":false},"author":86,"featured_media":0,"comment_status":"open","ping_status":"open","sticky":false,"template":"","format":"standard","meta":{"_et_pb_use_builder":"","_et_pb_old_content":"","_et_gb_content_width":"","footnotes":""},"categories":[10,4],"tags":[],"class_list":["post-3077","post","type-post","status-publish","format-standard","hentry","category-mikrotytot","category-tiedotukset"],"_links":{"self":[{"href":"https:\/\/onmky.fi\/osastot\/koripallo\/blog\/wp-json\/wp\/v2\/posts\/3077","targetHints":{"allow":["GET"]}}],"collection":[{"href":"https:\/\/onmky.fi\/osastot\/koripallo\/blog\/wp-json\/wp\/v2\/posts"}],"about":[{"href":"https:\/\/onmky.fi\/osastot\/koripallo\/blog\/wp-json\/wp\/v2\/types\/post"}],"author":[{"embeddable":true,"href":"https:\/\/onmky.fi\/osastot\/koripallo\/blog\/wp-json\/wp\/v2\/users\/86"}],"replies":[{"embeddable":true,"href":"https:\/\/onmky.fi\/osastot\/koripallo\/blog\/wp-json\/wp\/v2\/comments?post=3077"}],"version-history":[{"count":1,"href":"https:\/\/onmky.fi\/osastot\/koripallo\/blog\/wp-json\/wp\/v2\/posts\/3077\/revisions"}],"predecessor-version":[{"id":3078,"href":"https:\/\/onmky.fi\/osastot\/koripallo\/blog\/wp-json\/wp\/v2\/posts\/3077\/revisions\/3078"}],"wp:attachment":[{"href":"https:\/\/onmky.fi\/osastot\/koripallo\/blog\/wp-json\/wp\/v2\/media?parent=3077"}],"wp:term":[{"taxonomy":"category","embeddable":true,"href":"https:\/\/onmky.fi\/osastot\/koripallo\/blog\/wp-json\/wp\/v2\/categories?post=3077"},{"taxonomy":"post_tag","embeddable":true,"href":"https:\/\/onmky.fi\/osastot\/koripallo\/blog\/wp-json\/wp\/v2\/tags?post=3077"}],"curies":[{"name":"wp","href":"https:\/\/api.w.org\/{rel}","templated":true}]}}