{"id":3080,"date":"2011-09-29T15:59:12","date_gmt":"2011-09-29T12:59:12","guid":{"rendered":"http:\/\/onmky.fi\/osastot\/koripallo\/blog\/?p=3080"},"modified":"2011-09-29T15:59:12","modified_gmt":"2011-09-29T12:59:12","slug":"c-poikien-2-divisioona-joukkueen-palaveri","status":"publish","type":"post","link":"https:\/\/onmky.fi\/osastot\/koripallo\/blog\/2011\/09\/29\/c-poikien-2-divisioona-joukkueen-palaveri\/","title":{"rendered":"C-poikien 2.divisioona joukkueen palaveri!"},"content":{"rendered":"<p>Maanantaina 3.10 19.30 karjasillalla poikien harjoitusten yhteydess\u00e4 c-poikien 2.divisioona joukkueen pelaajille ja pelaajien huoltajille palaveri. K\u00e4yd\u00e4\u00e4n l\u00e4pi tulevan kauden asioita..<\/p>\n<p>&nbsp;<\/p>\n<p>Ja mik\u00e4li et viel\u00e4 ole k\u00e4ynyt t\u00e4ytt\u00e4m\u00e4ss\u00e4 <a href=\"http:\/\/onmky.fi\/osastot\/koripallo\/blog\/joukkueet\/pelaajatietolomake\/\">pelaajatietolomaketta<\/a>, tee se mahdollisimman pian.<\/p>\n","protected":false},"excerpt":{"rendered":"<p>Maanantaina 3.10 19.30 karjasillalla poikien harjoitusten yhteydess\u00e4 c-poikien 2.divisioona joukkueen pelaajille ja pelaajien huoltajille palaveri. K\u00e4yd\u00e4\u00e4n l\u00e4pi tulevan kauden asioita.. &nbsp; Ja mik\u00e4li et viel\u00e4 ole k\u00e4ynyt t\u00e4ytt\u00e4m\u00e4ss\u00e4 pelaajatietolomaketta, tee se mahdollisimman pian.<\/p>\n","protected":false},"author":86,"featured_media":0,"comment_status":"open","ping_status":"open","sticky":false,"template":"","format":"standard","meta":{"_et_pb_use_builder":"","_et_pb_old_content":"","_et_gb_content_width":"","footnotes":""},"categories":[6,4],"tags":[],"class_list":["post-3080","post","type-post","status-publish","format-standard","hentry","category-c-pojat","category-tiedotukset"],"_links":{"self":[{"href":"https:\/\/onmky.fi\/osastot\/koripallo\/blog\/wp-json\/wp\/v2\/posts\/3080","targetHints":{"allow":["GET"]}}],"collection":[{"href":"https:\/\/onmky.fi\/osastot\/koripallo\/blog\/wp-json\/wp\/v2\/posts"}],"about":[{"href":"https:\/\/onmky.fi\/osastot\/koripallo\/blog\/wp-json\/wp\/v2\/types\/post"}],"author":[{"embeddable":true,"href":"https:\/\/onmky.fi\/osastot\/koripallo\/blog\/wp-json\/wp\/v2\/users\/86"}],"replies":[{"embeddable":true,"href":"https:\/\/onmky.fi\/osastot\/koripallo\/blog\/wp-json\/wp\/v2\/comments?post=3080"}],"version-history":[{"count":1,"href":"https:\/\/onmky.fi\/osastot\/koripallo\/blog\/wp-json\/wp\/v2\/posts\/3080\/revisions"}],"predecessor-version":[{"id":3081,"href":"https:\/\/onmky.fi\/osastot\/koripallo\/blog\/wp-json\/wp\/v2\/posts\/3080\/revisions\/3081"}],"wp:attachment":[{"href":"https:\/\/onmky.fi\/osastot\/koripallo\/blog\/wp-json\/wp\/v2\/media?parent=3080"}],"wp:term":[{"taxonomy":"category","embeddable":true,"href":"https:\/\/onmky.fi\/osastot\/koripallo\/blog\/wp-json\/wp\/v2\/categories?post=3080"},{"taxonomy":"post_tag","embeddable":true,"href":"https:\/\/onmky.fi\/osastot\/koripallo\/blog\/wp-json\/wp\/v2\/tags?post=3080"}],"curies":[{"name":"wp","href":"https:\/\/api.w.org\/{rel}","templated":true}]}}