{"id":3089,"date":"2011-10-05T14:57:52","date_gmt":"2011-10-05T11:57:52","guid":{"rendered":"http:\/\/onmky.fi\/osastot\/koripallo\/blog\/?p=3089"},"modified":"2011-10-07T15:14:52","modified_gmt":"2011-10-07T12:14:52","slug":"juniorikauden-avajaiset-sunnuntaina-9-10","status":"publish","type":"post","link":"https:\/\/onmky.fi\/osastot\/koripallo\/blog\/2011\/10\/05\/juniorikauden-avajaiset-sunnuntaina-9-10\/","title":{"rendered":"Juniorikauden avajaiset sunnuntaina 9.10"},"content":{"rendered":"<p>Ynnin juniorijoukkueiden kauden avajaiset j\u00e4rjestet\u00e4\u00e4n nyt sunnuntaina 9.10 Oulun Urheilutalolla, miesten 1.divisioona kauden kotiavauksen yhteydess\u00e4.<\/p>\n<p>Avajaisohjelma alkaa kello 14.30. Miesten ottelu alkaa 15.00 ja avaiset jatkuvat viel\u00e4 miesten ottelun puoliajalla junioreille j\u00e4rjestett\u00e4vill\u00e4 erilaisilla kisoilla.<\/p>\n<p>&nbsp;<\/p>\n<p>Kaikki paikalle ja samalla katsomaan miesten peli\u00e4!<\/p>\n","protected":false},"excerpt":{"rendered":"<p>Ynnin juniorijoukkueiden kauden avajaiset j\u00e4rjestet\u00e4\u00e4n nyt sunnuntaina 9.10 Oulun Urheilutalolla, miesten 1.divisioona kauden kotiavauksen yhteydess\u00e4. Avajaisohjelma alkaa kello 14.30. Miesten ottelu alkaa 15.00 ja avaiset jatkuvat viel\u00e4 miesten ottelun puoliajalla junioreille j\u00e4rjestett\u00e4vill\u00e4 erilaisilla kisoilla. &nbsp; Kaikki paikalle ja samalla katsomaan miesten peli\u00e4!<\/p>\n","protected":false},"author":86,"featured_media":0,"comment_status":"open","ping_status":"open","sticky":false,"template":"","format":"standard","meta":{"_et_pb_use_builder":"","_et_pb_old_content":"","_et_gb_content_width":"","footnotes":""},"categories":[13,14,11,12,6,3,9,10,7,8,16,4],"tags":[],"class_list":["post-3089","post","type-post","status-publish","format-standard","hentry","category-a-pojat","category-a-tytot","category-b-pojat","category-b-tytot","category-c-pojat","category-c-tytot","category-mikropojat","category-mikrotytot","category-minipojat","category-minitytot","category-tapahtumat","category-tiedotukset"],"_links":{"self":[{"href":"https:\/\/onmky.fi\/osastot\/koripallo\/blog\/wp-json\/wp\/v2\/posts\/3089","targetHints":{"allow":["GET"]}}],"collection":[{"href":"https:\/\/onmky.fi\/osastot\/koripallo\/blog\/wp-json\/wp\/v2\/posts"}],"about":[{"href":"https:\/\/onmky.fi\/osastot\/koripallo\/blog\/wp-json\/wp\/v2\/types\/post"}],"author":[{"embeddable":true,"href":"https:\/\/onmky.fi\/osastot\/koripallo\/blog\/wp-json\/wp\/v2\/users\/86"}],"replies":[{"embeddable":true,"href":"https:\/\/onmky.fi\/osastot\/koripallo\/blog\/wp-json\/wp\/v2\/comments?post=3089"}],"version-history":[{"count":3,"href":"https:\/\/onmky.fi\/osastot\/koripallo\/blog\/wp-json\/wp\/v2\/posts\/3089\/revisions"}],"predecessor-version":[{"id":3091,"href":"https:\/\/onmky.fi\/osastot\/koripallo\/blog\/wp-json\/wp\/v2\/posts\/3089\/revisions\/3091"}],"wp:attachment":[{"href":"https:\/\/onmky.fi\/osastot\/koripallo\/blog\/wp-json\/wp\/v2\/media?parent=3089"}],"wp:term":[{"taxonomy":"category","embeddable":true,"href":"https:\/\/onmky.fi\/osastot\/koripallo\/blog\/wp-json\/wp\/v2\/categories?post=3089"},{"taxonomy":"post_tag","embeddable":true,"href":"https:\/\/onmky.fi\/osastot\/koripallo\/blog\/wp-json\/wp\/v2\/tags?post=3089"}],"curies":[{"name":"wp","href":"https:\/\/api.w.org\/{rel}","templated":true}]}}