{"id":3109,"date":"2011-10-14T12:58:49","date_gmt":"2011-10-14T09:58:49","guid":{"rendered":"http:\/\/onmky.fi\/osastot\/koripallo\/blog\/?p=3109"},"modified":"2011-10-14T12:58:49","modified_gmt":"2011-10-14T09:58:49","slug":"palloilukoulu-joudutaan-perumaan","status":"publish","type":"post","link":"https:\/\/onmky.fi\/osastot\/koripallo\/blog\/2011\/10\/14\/palloilukoulu-joudutaan-perumaan\/","title":{"rendered":"Palloilukoulu joudutaan perumaan"},"content":{"rendered":"<p>V\u00e4h\u00e4isen ennakkoilmoittautumism\u00e4\u00e4r\u00e4n vuoksi joudumme peruuttamaan palloilukoulun syyskauden osalta. Pahoittelemma asiaa.<\/p>\n<p>&nbsp;<\/p>\n<p>Pyrimme k\u00e4ynnist\u00e4m\u00e4\u00e4n toiminnan uudelleen tammikuussa 2012.<\/p>\n<p>&nbsp;<\/p>\n<p>T\u00e4st\u00e4 lis\u00e4tietoja marraskuun aikana.<\/p>\n<p>&nbsp;<\/p>\n<p>&nbsp;<\/p>\n<p>Lis\u00e4tietoja:<\/p>\n<p>Mika Lustig<\/p>\n<p>Puh. 044-0202228<\/p>\n<p><span>Email: mika.lustig (at) onmky.fi<\/span><\/p>\n","protected":false},"excerpt":{"rendered":"<p>V\u00e4h\u00e4isen ennakkoilmoittautumism\u00e4\u00e4r\u00e4n vuoksi joudumme peruuttamaan palloilukoulun syyskauden osalta. Pahoittelemma asiaa. &nbsp; Pyrimme k\u00e4ynnist\u00e4m\u00e4\u00e4n toiminnan uudelleen tammikuussa 2012. &nbsp; T\u00e4st\u00e4 lis\u00e4tietoja marraskuun aikana. &nbsp; &nbsp; Lis\u00e4tietoja: Mika Lustig Puh. 044-0202228 Email: mika.lustig (at) onmky.fi<\/p>\n","protected":false},"author":86,"featured_media":0,"comment_status":"open","ping_status":"open","sticky":false,"template":"","format":"standard","meta":{"_et_pb_use_builder":"","_et_pb_old_content":"","_et_gb_content_width":"","footnotes":""},"categories":[16,4],"tags":[],"class_list":["post-3109","post","type-post","status-publish","format-standard","hentry","category-tapahtumat","category-tiedotukset"],"_links":{"self":[{"href":"https:\/\/onmky.fi\/osastot\/koripallo\/blog\/wp-json\/wp\/v2\/posts\/3109","targetHints":{"allow":["GET"]}}],"collection":[{"href":"https:\/\/onmky.fi\/osastot\/koripallo\/blog\/wp-json\/wp\/v2\/posts"}],"about":[{"href":"https:\/\/onmky.fi\/osastot\/koripallo\/blog\/wp-json\/wp\/v2\/types\/post"}],"author":[{"embeddable":true,"href":"https:\/\/onmky.fi\/osastot\/koripallo\/blog\/wp-json\/wp\/v2\/users\/86"}],"replies":[{"embeddable":true,"href":"https:\/\/onmky.fi\/osastot\/koripallo\/blog\/wp-json\/wp\/v2\/comments?post=3109"}],"version-history":[{"count":1,"href":"https:\/\/onmky.fi\/osastot\/koripallo\/blog\/wp-json\/wp\/v2\/posts\/3109\/revisions"}],"predecessor-version":[{"id":3110,"href":"https:\/\/onmky.fi\/osastot\/koripallo\/blog\/wp-json\/wp\/v2\/posts\/3109\/revisions\/3110"}],"wp:attachment":[{"href":"https:\/\/onmky.fi\/osastot\/koripallo\/blog\/wp-json\/wp\/v2\/media?parent=3109"}],"wp:term":[{"taxonomy":"category","embeddable":true,"href":"https:\/\/onmky.fi\/osastot\/koripallo\/blog\/wp-json\/wp\/v2\/categories?post=3109"},{"taxonomy":"post_tag","embeddable":true,"href":"https:\/\/onmky.fi\/osastot\/koripallo\/blog\/wp-json\/wp\/v2\/tags?post=3109"}],"curies":[{"name":"wp","href":"https:\/\/api.w.org\/{rel}","templated":true}]}}