{"id":3112,"date":"2011-10-14T13:07:35","date_gmt":"2011-10-14T10:07:35","guid":{"rendered":"http:\/\/onmky.fi\/osastot\/koripallo\/blog\/?p=3112"},"modified":"2011-10-14T13:07:35","modified_gmt":"2011-10-14T10:07:35","slug":"mikro-ja-minityttojoukkueiden-vanhempainilta","status":"publish","type":"post","link":"https:\/\/onmky.fi\/osastot\/koripallo\/blog\/2011\/10\/14\/mikro-ja-minityttojoukkueiden-vanhempainilta\/","title":{"rendered":"Mikro- ja minitytt\u00f6joukkueiden vanhempainilta"},"content":{"rendered":"<p>Pidet\u00e4\u00e4n mikro &#8211; ja minitytt\u00f6jen Keskustan ja Pohjoisen joukkueiden yhteinen vanhempainilta ensi viikon keskiviikkona 19.10 klo 17.30 alkaen Rajakyl\u00e4n yl\u00e4asteella. Rajakyl\u00e4n yl\u00e4asteen osoite: Ruiskukkatie 4-6, 90580 Oulu.<\/p>\n<p>K\u00e4yd\u00e4\u00e4n tilaisuudessa l\u00e4pi mikro- ja minitytt\u00f6jen alkaneen kauden ohjelmaa l\u00e4pi. Selvitet\u00e4\u00e4n my\u00f6s joukkueen ja seuran toiminnan perusperiaatteet.<\/p>\n<p>Pidet\u00e4\u00e4n palaveri n\u00e4ytt\u00e4m\u00f6ll\u00e4 tai pukuhuoneessa.<\/p>\n<p>Mikro- ja minityt\u00f6t harjoittelevat samaan aikaan vanhempainillan kanssa liikuntasalissa. Kyseess\u00e4 ovat viimeiset harjoitukset ennen syyslomaa, joten harjoituksissa on luvassa paljon kivaa. Pelataan pikku korispelej\u00e4, leikit\u00e4\u00e4n ja kisaillaan.<\/p>\n<p>Kaikki mukaan ensi viikon keskiviikon vanhempain palaveriin klo 17.30 ja pelaajille mukaan normaali koripallovarustus. Harjoitukset p\u00e4\u00e4ttyv\u00e4t klo 19.00.<\/p>\n<p>Eli KAIKKI mini- ja mikrotyt\u00f6t harjoittelevat t\u00e4ll\u00f6in kello 17.30-19.00!<\/p>\n<p>Tervetuloa mukaan!!<\/p>\n","protected":false},"excerpt":{"rendered":"<p>Pidet\u00e4\u00e4n mikro &#8211; ja minitytt\u00f6jen Keskustan ja Pohjoisen joukkueiden yhteinen vanhempainilta ensi viikon keskiviikkona 19.10 klo 17.30 alkaen Rajakyl\u00e4n yl\u00e4asteella. Rajakyl\u00e4n yl\u00e4asteen osoite: Ruiskukkatie 4-6, 90580 Oulu. K\u00e4yd\u00e4\u00e4n tilaisuudessa l\u00e4pi mikro- ja minitytt\u00f6jen alkaneen kauden ohjelmaa l\u00e4pi. Selvitet\u00e4\u00e4n my\u00f6s joukkueen ja seuran toiminnan perusperiaatteet. Pidet\u00e4\u00e4n palaveri n\u00e4ytt\u00e4m\u00f6ll\u00e4 tai pukuhuoneessa. Mikro- ja minityt\u00f6t harjoittelevat samaan aikaan [&hellip;]<\/p>\n","protected":false},"author":86,"featured_media":0,"comment_status":"open","ping_status":"open","sticky":false,"template":"","format":"standard","meta":{"_et_pb_use_builder":"","_et_pb_old_content":"","_et_gb_content_width":"","footnotes":""},"categories":[10,8,16,4],"tags":[],"class_list":["post-3112","post","type-post","status-publish","format-standard","hentry","category-mikrotytot","category-minitytot","category-tapahtumat","category-tiedotukset"],"_links":{"self":[{"href":"https:\/\/onmky.fi\/osastot\/koripallo\/blog\/wp-json\/wp\/v2\/posts\/3112","targetHints":{"allow":["GET"]}}],"collection":[{"href":"https:\/\/onmky.fi\/osastot\/koripallo\/blog\/wp-json\/wp\/v2\/posts"}],"about":[{"href":"https:\/\/onmky.fi\/osastot\/koripallo\/blog\/wp-json\/wp\/v2\/types\/post"}],"author":[{"embeddable":true,"href":"https:\/\/onmky.fi\/osastot\/koripallo\/blog\/wp-json\/wp\/v2\/users\/86"}],"replies":[{"embeddable":true,"href":"https:\/\/onmky.fi\/osastot\/koripallo\/blog\/wp-json\/wp\/v2\/comments?post=3112"}],"version-history":[{"count":1,"href":"https:\/\/onmky.fi\/osastot\/koripallo\/blog\/wp-json\/wp\/v2\/posts\/3112\/revisions"}],"predecessor-version":[{"id":3113,"href":"https:\/\/onmky.fi\/osastot\/koripallo\/blog\/wp-json\/wp\/v2\/posts\/3112\/revisions\/3113"}],"wp:attachment":[{"href":"https:\/\/onmky.fi\/osastot\/koripallo\/blog\/wp-json\/wp\/v2\/media?parent=3112"}],"wp:term":[{"taxonomy":"category","embeddable":true,"href":"https:\/\/onmky.fi\/osastot\/koripallo\/blog\/wp-json\/wp\/v2\/categories?post=3112"},{"taxonomy":"post_tag","embeddable":true,"href":"https:\/\/onmky.fi\/osastot\/koripallo\/blog\/wp-json\/wp\/v2\/tags?post=3112"}],"curies":[{"name":"wp","href":"https:\/\/api.w.org\/{rel}","templated":true}]}}