{"id":3158,"date":"2011-11-04T17:19:45","date_gmt":"2011-11-04T14:19:45","guid":{"rendered":"http:\/\/onmky.fi\/osastot\/koripallo\/blog\/?p=3158"},"modified":"2011-11-04T17:19:45","modified_gmt":"2011-11-04T14:19:45","slug":"oulun-nmkyn-koripalloilijoiden-syyskokous","status":"publish","type":"post","link":"https:\/\/onmky.fi\/osastot\/koripallo\/blog\/2011\/11\/04\/oulun-nmkyn-koripalloilijoiden-syyskokous\/","title":{"rendered":"Oulun NMKY:n koripalloilijoiden syyskokous"},"content":{"rendered":"<p>Oulun NMKY:n koripalloilijoiden syyskokous j\u00e4rjestet\u00e4\u00e4n keskiviikkona 9.11.2011 kello 18.30 raatin nuorisotalolla (Raatintie 7.)<\/p>\n<p>Kaikki j\u00e4senet tervetuloa.<\/p>\n","protected":false},"excerpt":{"rendered":"<p>Oulun NMKY:n koripalloilijoiden syyskokous j\u00e4rjestet\u00e4\u00e4n keskiviikkona 9.11.2011 kello 18.30 raatin nuorisotalolla (Raatintie 7.) Kaikki j\u00e4senet tervetuloa.<\/p>\n","protected":false},"author":86,"featured_media":0,"comment_status":"open","ping_status":"open","sticky":false,"template":"","format":"standard","meta":{"_et_pb_use_builder":"","_et_pb_old_content":"","_et_gb_content_width":"","footnotes":""},"categories":[16,4],"tags":[],"class_list":["post-3158","post","type-post","status-publish","format-standard","hentry","category-tapahtumat","category-tiedotukset"],"_links":{"self":[{"href":"https:\/\/onmky.fi\/osastot\/koripallo\/blog\/wp-json\/wp\/v2\/posts\/3158","targetHints":{"allow":["GET"]}}],"collection":[{"href":"https:\/\/onmky.fi\/osastot\/koripallo\/blog\/wp-json\/wp\/v2\/posts"}],"about":[{"href":"https:\/\/onmky.fi\/osastot\/koripallo\/blog\/wp-json\/wp\/v2\/types\/post"}],"author":[{"embeddable":true,"href":"https:\/\/onmky.fi\/osastot\/koripallo\/blog\/wp-json\/wp\/v2\/users\/86"}],"replies":[{"embeddable":true,"href":"https:\/\/onmky.fi\/osastot\/koripallo\/blog\/wp-json\/wp\/v2\/comments?post=3158"}],"version-history":[{"count":1,"href":"https:\/\/onmky.fi\/osastot\/koripallo\/blog\/wp-json\/wp\/v2\/posts\/3158\/revisions"}],"predecessor-version":[{"id":3159,"href":"https:\/\/onmky.fi\/osastot\/koripallo\/blog\/wp-json\/wp\/v2\/posts\/3158\/revisions\/3159"}],"wp:attachment":[{"href":"https:\/\/onmky.fi\/osastot\/koripallo\/blog\/wp-json\/wp\/v2\/media?parent=3158"}],"wp:term":[{"taxonomy":"category","embeddable":true,"href":"https:\/\/onmky.fi\/osastot\/koripallo\/blog\/wp-json\/wp\/v2\/categories?post=3158"},{"taxonomy":"post_tag","embeddable":true,"href":"https:\/\/onmky.fi\/osastot\/koripallo\/blog\/wp-json\/wp\/v2\/tags?post=3158"}],"curies":[{"name":"wp","href":"https:\/\/api.w.org\/{rel}","templated":true}]}}