{"id":3261,"date":"2011-12-20T17:07:21","date_gmt":"2011-12-20T14:07:21","guid":{"rendered":"http:\/\/onmky.fi\/osastot\/koripallo\/blog\/?p=3261"},"modified":"2012-01-02T15:28:20","modified_gmt":"2012-01-02T12:28:20","slug":"joulun-ajan-harjoitusvuorot-harjoitusten-kaynnistyminen-joululoman-jalkeen","status":"publish","type":"post","link":"https:\/\/onmky.fi\/osastot\/koripallo\/blog\/2011\/12\/20\/joulun-ajan-harjoitusvuorot-harjoitusten-kaynnistyminen-joululoman-jalkeen\/","title":{"rendered":"Joulun ajan harjoitusvuorot \/ Harjoitusten k\u00e4ynnistyminen joululoman j\u00e4lkeen"},"content":{"rendered":"<p>Alle on listattu ONMKY:n joukkueiden joulun ajan harjoitusvuorot.<\/p>\n<p>T\u00e4ss\u00e4 kuitenkin muutama huomio: Mikro- ja mini-ik\u00e4isill\u00e4 ei ole harjoituksia joululoman aikana (poislukien minipojat). Alta l\u00f6ytyv\u00e4t mikro- ja mini-ik\u00e4isten harjoitusten alkamisajankohdat. Joukkueenjohtajat ilmoittavat A-poikien ja miesten II-joukkueen harjoitusvuorot viel\u00e4 pelaajille erikseen. Niihin voi tulla muutoksia.<\/p>\n<p>Joukkueiden harjoitusvuorot palaavat normaaliin p\u00e4iv\u00e4rytmiin 9.1. alkaen.<\/p>\n<table width=\"732\" border=\"0\" cellspacing=\"0\" cellpadding=\"0\">\n<colgroup>\n<col width=\"129\" \/>\n<col span=\"2\" width=\"64\" \/>\n<col width=\"86\" \/>\n<col width=\"64\" \/>\n<col width=\"325\" \/> <\/colgroup>\n<tbody>\n<tr>\n<td colspan=\"6\" width=\"732\" height=\"35\">\n<h2>Joulun harjoitusvuorot joukkueittain<\/h2>\n<\/td>\n<\/tr>\n<tr>\n<td height=\"20\"><\/td>\n<td><\/td>\n<td><\/td>\n<td><\/td>\n<td><\/td>\n<td><\/td>\n<\/tr>\n<tr>\n<td height=\"20\">Mikropojat<\/td>\n<td colspan=\"5\">Pohjoisen joukkueen harjoitukset jatkuvat 9.1. Koskelan koululla klo 17.00 &#8211; 18.00.<\/td>\n<\/tr>\n<tr>\n<td height=\"20\"><\/td>\n<td colspan=\"5\">Keskustan joukkueen harjoitukset jatkuvat 10.1. KV-koululla klo 19.00 &#8211; 20.00.<\/td>\n<\/tr>\n<tr>\n<td height=\"20\"><\/td>\n<td><\/td>\n<td><\/td>\n<td><\/td>\n<td><\/td>\n<td><\/td>\n<\/tr>\n<tr>\n<td height=\"20\">Mikrotyt\u00f6t<\/td>\n<td colspan=\"5\">Mikrotytt\u00f6jen harjoitukset jatkuvat 9.1. Rajakyl\u00e4n YA:lla klo 17.00 &#8211; 18.00.<\/td>\n<\/tr>\n<tr>\n<td height=\"20\"><\/td>\n<td><\/td>\n<td><\/td>\n<td><\/td>\n<td><\/td>\n<td><\/td>\n<\/tr>\n<tr>\n<td height=\"20\">Minityt\u00f6t<\/td>\n<td colspan=\"5\">Harjoitukset jatkuvat 9.1.2012 oman harjoitusryhm\u00e4n mukana:<\/td>\n<\/tr>\n<tr>\n<td height=\"20\"><\/td>\n<td colspan=\"5\">minityt\u00f6t\/keskusta &#8211; Karjasilta klo 17.00 &#8211; 18.00 ja minityt\u00f6t\/pohjoinen &#8211; Rajakyl\u00e4n YA klo 17.00 &#8211; 18.00<\/td>\n<\/tr>\n<tr>\n<td height=\"20\"><\/td>\n<td><\/td>\n<td><\/td>\n<td><\/td>\n<td><\/td>\n<td><\/td>\n<\/tr>\n<tr>\n<td height=\"20\">Joukkue<\/td>\n<td>P\u00e4iv\u00e4<\/td>\n<td>PVM<\/td>\n<td>Kello<\/td>\n<td>Paikka<\/td>\n<td>HUOM!<\/td>\n<\/tr>\n<tr>\n<td height=\"20\">Minipojat<\/td>\n<td>To<\/td>\n<td>22.12.<\/td>\n<td>17.00 &#8211; 18.00<\/td>\n<td>Karjasilta<\/td>\n<td><\/td>\n<\/tr>\n<tr>\n<td height=\"20\"><\/td>\n<td>To<\/td>\n<td>29.12.<\/td>\n<td>17.00 &#8211; 18.00<\/td>\n<td>Karjasilta<\/td>\n<td><\/td>\n<\/tr>\n<tr>\n<td height=\"20\"><\/td>\n<td>To<\/td>\n<td>5.1.<\/td>\n<td>17.00 &#8211; 18.00<\/td>\n<td>Karjasilta<\/td>\n<td><\/td>\n<\/tr>\n<tr>\n<td height=\"20\"><\/td>\n<td><\/td>\n<td><\/td>\n<td><\/td>\n<td><\/td>\n<td><\/td>\n<\/tr>\n<tr>\n<td height=\"20\">Joukkue<\/td>\n<td>P\u00e4iv\u00e4<\/td>\n<td>PVM<\/td>\n<td>Kello<\/td>\n<td>Paikka<\/td>\n<td>HUOM!<\/td>\n<\/tr>\n<tr>\n<td height=\"20\">C-tyt\u00f6t<\/td>\n<td>To<\/td>\n<td>29.12.<\/td>\n<td>14.15 &#8211; 16.15<\/td>\n<td>Karjasilta<\/td>\n<td>Yhteisharjoitukset: mukana A- ja B-tyt\u00f6t + naiset<\/td>\n<\/tr>\n<tr>\n<td height=\"20\"><\/td>\n<td>Pe<\/td>\n<td>30.12.<\/td>\n<td>16.15 &#8211; 18.00<\/td>\n<td>Karjasilta<\/td>\n<td>Yhteisharjoitukset: mukana A- ja B-tyt\u00f6t + naiset<\/td>\n<\/tr>\n<tr>\n<td height=\"20\"><\/td>\n<td>Ma<\/td>\n<td>2.1.<\/td>\n<td>15.45 &#8211; 17.45<\/td>\n<td>Karjasilta<\/td>\n<td>Yhteisharjoitukset: Mukana B-tyt\u00f6t<\/td>\n<\/tr>\n<tr>\n<td height=\"20\"><\/td>\n<td>Ti<\/td>\n<td>3.1.<\/td>\n<td>16.45 &#8211; 18.45<\/td>\n<td>Karjasilta<\/td>\n<td>Yhteisharjoitukset: Mukana B-tyt\u00f6t<\/td>\n<\/tr>\n<tr>\n<td height=\"20\"><\/td>\n<td><\/td>\n<td><\/td>\n<td><\/td>\n<td><\/td>\n<td><\/td>\n<\/tr>\n<tr>\n<td height=\"20\">Joukkue<\/td>\n<td>P\u00e4iv\u00e4<\/td>\n<td>PVM<\/td>\n<td>Kello<\/td>\n<td>Paikka<\/td>\n<td>HUOM!<\/td>\n<\/tr>\n<tr>\n<td height=\"20\">C-pojat<\/td>\n<td>To<\/td>\n<td>29.12.<\/td>\n<td>13.00 &#8211; 14.30<\/td>\n<td>Karjasilta<\/td>\n<td><\/td>\n<\/tr>\n<tr>\n<td height=\"20\"><\/td>\n<td>Ma<\/td>\n<td>2.1.<\/td>\n<td>14.30 &#8211; 16.00<\/td>\n<td>Karjasilta<\/td>\n<td><\/td>\n<\/tr>\n<tr>\n<td height=\"20\"><\/td>\n<td>To<\/td>\n<td>9.1.<\/td>\n<td>13.00 &#8211; 14.30<\/td>\n<td>Karjasilta<\/td>\n<td><\/td>\n<\/tr>\n<tr>\n<td height=\"20\"><\/td>\n<td><\/td>\n<td><\/td>\n<td><\/td>\n<td><\/td>\n<td><\/td>\n<\/tr>\n<tr>\n<td height=\"20\">Joukkue<\/td>\n<td>P\u00e4iv\u00e4<\/td>\n<td>PVM<\/td>\n<td>Kello<\/td>\n<td>Paikka<\/td>\n<td>HUOM!<\/td>\n<\/tr>\n<tr>\n<td height=\"20\">B-tyt\u00f6t<\/td>\n<td>To<\/td>\n<td>29.12.<\/td>\n<td>14.15 &#8211; 16.15<\/td>\n<td>Karjasilta<\/td>\n<td>Yhteisharjoitukset: mukana A- ja C-tyt\u00f6t + naiset<\/td>\n<\/tr>\n<tr>\n<td height=\"20\"><\/td>\n<td>Pe<\/td>\n<td>30.12.<\/td>\n<td>16.15 &#8211; 18.00<\/td>\n<td>Karjasilta<\/td>\n<td>Yhteisharjoitukset: mukana A- ja C-tyt\u00f6t + naiset<\/td>\n<\/tr>\n<tr>\n<td height=\"20\"><\/td>\n<td>Ma<\/td>\n<td>2.1.<\/td>\n<td>15.45 &#8211; 17.45<\/td>\n<td>Karjasilta<\/td>\n<td>Yhteisharjoitukset: Mukana C-tyt\u00f6t<\/td>\n<\/tr>\n<tr>\n<td height=\"20\"><\/td>\n<td>Ti<\/td>\n<td>3.1.<\/td>\n<td>16.45 &#8211; 18.45<\/td>\n<td>Karjasilta<\/td>\n<td>Yhteisharjoitukset: Mukana C-tyt\u00f6t<\/td>\n<\/tr>\n<tr>\n<td height=\"20\"><\/td>\n<td><\/td>\n<td><\/td>\n<td><\/td>\n<td><\/td>\n<td><\/td>\n<\/tr>\n<tr>\n<td height=\"20\">Joukkue<\/td>\n<td>P\u00e4iv\u00e4<\/td>\n<td>PVM<\/td>\n<td>Kello<\/td>\n<td>Paikka<\/td>\n<td>HUOM!<\/td>\n<\/tr>\n<tr>\n<td height=\"20\">B-pojat<\/td>\n<td>To<\/td>\n<td>29.12.<\/td>\n<td>18.00 &#8211; 19.30<\/td>\n<td>Karjasilta<\/td>\n<td><\/td>\n<\/tr>\n<tr>\n<td height=\"20\"><\/td>\n<td>Ma<\/td>\n<td>2.1.<\/td>\n<td>19.00 &#8211; 20.30<\/td>\n<td>Karjasilta<\/td>\n<td><\/td>\n<\/tr>\n<tr>\n<td height=\"20\"><\/td>\n<td>Ti<\/td>\n<td>3.1.<\/td>\n<td>15.30 &#8211; 17.00<\/td>\n<td>Karjasilta<\/td>\n<td><\/td>\n<\/tr>\n<tr>\n<td height=\"20\"><\/td>\n<td>To<\/td>\n<td>5.1.<\/td>\n<td>18.00 &#8211; 19.30<\/td>\n<td>Karjasilta<\/td>\n<td><\/td>\n<\/tr>\n<tr>\n<td height=\"20\"><\/td>\n<td>Pe<\/td>\n<td>6.1.<\/td>\n<td>18.00 &#8211; 19.30<\/td>\n<td>Karjasilta<\/td>\n<td><\/td>\n<\/tr>\n<tr>\n<td height=\"20\"><\/td>\n<td><\/td>\n<td><\/td>\n<td><\/td>\n<td><\/td>\n<td><\/td>\n<\/tr>\n<tr>\n<td height=\"20\">Joukkue<\/td>\n<td>P\u00e4iv\u00e4<\/td>\n<td>PVM<\/td>\n<td>Kello<\/td>\n<td>Paikka<\/td>\n<td>HUOM!<\/td>\n<\/tr>\n<tr>\n<td height=\"20\">A- tyt\u00f6t\/naiset<\/td>\n<td>To<\/td>\n<td>29.12.<\/td>\n<td>14.15 &#8211; 16.15<\/td>\n<td>Karjasilta<\/td>\n<td>Yhteisharjoitukset: mukana B- ja C-tyt\u00f6t<\/td>\n<\/tr>\n<tr>\n<td height=\"20\"><\/td>\n<td>Pe<\/td>\n<td>30.12.<\/td>\n<td>16.15 &#8211; 18.00<\/td>\n<td>Karjasilta<\/td>\n<td>Yhteisharjoitukset: mukana B- ja C-tyt\u00f6t<\/td>\n<\/tr>\n<tr>\n<td height=\"20\"><\/td>\n<td>Ma<\/td>\n<td>2.1.<\/td>\n<td>17.15 &#8211; 19.15<\/td>\n<td>Karjasilta<\/td>\n<td><\/td>\n<\/tr>\n<tr>\n<td height=\"20\"><\/td>\n<td>Ti<\/td>\n<td>3.1.<\/td>\n<td>20.00 &#8211; 21.30<\/td>\n<td>Karjasilta<\/td>\n<td>Peliharjoitukset PePa:n kanssa<\/td>\n<\/tr>\n<tr>\n<td height=\"20\"><\/td>\n<td>To<\/td>\n<td>5.1.<\/td>\n<td>14.15 &#8211; 16.15<\/td>\n<td>Karjasilta<\/td>\n<td><\/td>\n<\/tr>\n<tr>\n<td height=\"20\"><\/td>\n<td><\/td>\n<td><\/td>\n<td><\/td>\n<td><\/td>\n<td><\/td>\n<\/tr>\n<tr>\n<td height=\"20\">Joukkue<\/td>\n<td>P\u00e4iv\u00e4<\/td>\n<td>PVM<\/td>\n<td>Kello<\/td>\n<td>Paikka<\/td>\n<td>HUOM!<\/td>\n<\/tr>\n<tr>\n<td height=\"20\">A-pojat\/MII<\/td>\n<td>Ma<\/td>\n<td>26.11.<\/td>\n<td>20.30 &#8211; 21.45<\/td>\n<td>Karjasilta<\/td>\n<td>Vapaa heittely-\/pelailuvuoro<\/td>\n<\/tr>\n<tr>\n<td height=\"20\"><\/td>\n<td>Ti<\/td>\n<td>27.12.<\/td>\n<td>18.30 &#8211; 20.00<\/td>\n<td>Karjasilta<\/td>\n<td>Vapaa heittely-\/pelailuvuoro<\/td>\n<\/tr>\n<tr>\n<td height=\"20\"><\/td>\n<td>To<\/td>\n<td>29.12.<\/td>\n<td>19.30 &#8211; 21.00<\/td>\n<td>Karjasilta<\/td>\n<td>Vapaa heittely-\/pelailuvuoro<\/td>\n<\/tr>\n<tr>\n<td height=\"20\"><\/td>\n<td>Pe<\/td>\n<td>30.12.<\/td>\n<td>19.30 &#8211; 21.00<\/td>\n<td>Karjasilta<\/td>\n<td>Vapaa heittely-\/pelailuvuoro<\/td>\n<\/tr>\n<tr>\n<td height=\"20\"><\/td>\n<td>Ma<\/td>\n<td>2.1.<\/td>\n<td>20.30 &#8211; 21.45<\/td>\n<td>Karjasilta<\/td>\n<td>Vapaa heittely-\/pelailuvuoro<\/td>\n<\/tr>\n<tr>\n<td height=\"20\"><\/td>\n<td>Ti<\/td>\n<td>3.1.<\/td>\n<td>18.30 &#8211; 20.00<\/td>\n<td>Karjasilta<\/td>\n<td>Vain A-pojat + Miesten edustus<\/td>\n<\/tr>\n<tr>\n<td height=\"20\"><\/td>\n<td>To<\/td>\n<td>5.1.<\/td>\n<td>19.30 &#8211; 21.00<\/td>\n<td>Karjasilta<\/td>\n<td>Vapaa heittely-\/pelailuvuoro<\/td>\n<\/tr>\n<tr>\n<td height=\"20\"><\/td>\n<td>Pe<\/td>\n<td>6.1.<\/td>\n<td>19.30 &#8211; 21.00<\/td>\n<td>Karjasilta<\/td>\n<td>Vapaa heittely-\/pelailuvuoro<\/td>\n<\/tr>\n<tr>\n<td height=\"20\"><\/td>\n<td><\/td>\n<td><\/td>\n<td><\/td>\n<td><\/td>\n<td><\/td>\n<\/tr>\n<tr>\n<td height=\"20\">Joukkue<\/td>\n<td>P\u00e4iv\u00e4<\/td>\n<td>PVM<\/td>\n<td>Kello<\/td>\n<td>Paikka<\/td>\n<td>HUOM!<\/td>\n<\/tr>\n<tr>\n<td height=\"20\">PePa<\/td>\n<td>Ti<\/td>\n<td>27.12.<\/td>\n<td>20.00 &#8211; 21.30<\/td>\n<td>Karjasilta<\/td>\n<td><\/td>\n<\/tr>\n<tr>\n<td height=\"20\"><\/td>\n<td>Ti<\/td>\n<td>3.1.<\/td>\n<td>20.00 &#8211; 21.30<\/td>\n<td>Karjasilta<\/td>\n<td><\/td>\n<\/tr>\n<tr>\n<td height=\"20\"><\/td>\n<td><\/td>\n<td><\/td>\n<td><\/td>\n<td><\/td>\n<td><\/td>\n<\/tr>\n<tr>\n<td height=\"20\">Joukkue<\/td>\n<td>P\u00e4iv\u00e4<\/td>\n<td>PVM<\/td>\n<td>Kello<\/td>\n<td>Paikka<\/td>\n<td>HUOM!<\/td>\n<\/tr>\n<tr>\n<td height=\"20\">Miesten<\/td>\n<td>To<\/td>\n<td>29.12.<\/td>\n<td>21.00 &#8211; 22.00<\/td>\n<td>Karjasilta<\/td>\n<td><\/td>\n<\/tr>\n<tr>\n<td height=\"20\">harrastejoukkueet<\/td>\n<td>Pe<\/td>\n<td>30.12.<\/td>\n<td>21.00 &#8211; 22.00<\/td>\n<td>Karjasilta<\/td>\n<td><\/td>\n<\/tr>\n<tr>\n<td height=\"20\"><\/td>\n<td>To<\/td>\n<td>5.1.<\/td>\n<td>21.00 &#8211; 22.00<\/td>\n<td>Karjasilta<\/td>\n<td><\/td>\n<\/tr>\n<tr>\n<td height=\"20\"><\/td>\n<td>Pe<\/td>\n<td>6.1.<\/td>\n<td>21.00 &#8211; 22.00<\/td>\n<td>Karjasilta<\/td>\n<td><\/td>\n<\/tr>\n<tr>\n<td height=\"20\"><\/td>\n<td><\/td>\n<td><\/td>\n<td><\/td>\n<td><\/td>\n<td><\/td>\n<\/tr>\n<\/tbody>\n<\/table>\n<p>&nbsp;<\/p>\n","protected":false},"excerpt":{"rendered":"<p>Alle on listattu ONMKY:n joukkueiden joulun ajan harjoitusvuorot. T\u00e4ss\u00e4 kuitenkin muutama huomio: Mikro- ja mini-ik\u00e4isill\u00e4 ei ole harjoituksia joululoman aikana (poislukien minipojat). Alta l\u00f6ytyv\u00e4t mikro- ja mini-ik\u00e4isten harjoitusten alkamisajankohdat. Joukkueenjohtajat ilmoittavat A-poikien ja miesten II-joukkueen harjoitusvuorot viel\u00e4 pelaajille erikseen. Niihin voi tulla muutoksia. Joukkueiden harjoitusvuorot palaavat normaaliin p\u00e4iv\u00e4rytmiin 9.1. alkaen. Joulun harjoitusvuorot joukkueittain Mikropojat Pohjoisen [&hellip;]<\/p>\n","protected":false},"author":86,"featured_media":0,"comment_status":"open","ping_status":"open","sticky":false,"template":"","format":"standard","meta":{"_et_pb_use_builder":"","_et_pb_old_content":"","_et_gb_content_width":"","footnotes":""},"categories":[13,14,11,12,6,3,43,9,10,7,8,42,39,4],"tags":[],"class_list":["post-3261","post","type-post","status-publish","format-standard","hentry","category-a-pojat","category-a-tytot","category-b-pojat","category-b-tytot","category-c-pojat","category-c-tytot","category-miesten-ii","category-mikropojat","category-mikrotytot","category-minipojat","category-minitytot","category-naisten-edustusjoukkue","category-pepa","category-tiedotukset"],"_links":{"self":[{"href":"https:\/\/onmky.fi\/osastot\/koripallo\/blog\/wp-json\/wp\/v2\/posts\/3261","targetHints":{"allow":["GET"]}}],"collection":[{"href":"https:\/\/onmky.fi\/osastot\/koripallo\/blog\/wp-json\/wp\/v2\/posts"}],"about":[{"href":"https:\/\/onmky.fi\/osastot\/koripallo\/blog\/wp-json\/wp\/v2\/types\/post"}],"author":[{"embeddable":true,"href":"https:\/\/onmky.fi\/osastot\/koripallo\/blog\/wp-json\/wp\/v2\/users\/86"}],"replies":[{"embeddable":true,"href":"https:\/\/onmky.fi\/osastot\/koripallo\/blog\/wp-json\/wp\/v2\/comments?post=3261"}],"version-history":[{"count":7,"href":"https:\/\/onmky.fi\/osastot\/koripallo\/blog\/wp-json\/wp\/v2\/posts\/3261\/revisions"}],"predecessor-version":[{"id":3266,"href":"https:\/\/onmky.fi\/osastot\/koripallo\/blog\/wp-json\/wp\/v2\/posts\/3261\/revisions\/3266"}],"wp:attachment":[{"href":"https:\/\/onmky.fi\/osastot\/koripallo\/blog\/wp-json\/wp\/v2\/media?parent=3261"}],"wp:term":[{"taxonomy":"category","embeddable":true,"href":"https:\/\/onmky.fi\/osastot\/koripallo\/blog\/wp-json\/wp\/v2\/categories?post=3261"},{"taxonomy":"post_tag","embeddable":true,"href":"https:\/\/onmky.fi\/osastot\/koripallo\/blog\/wp-json\/wp\/v2\/tags?post=3261"}],"curies":[{"name":"wp","href":"https:\/\/api.w.org\/{rel}","templated":true}]}}