{"id":3494,"date":"2012-06-18T08:49:22","date_gmt":"2012-06-18T05:49:22","guid":{"rendered":"http:\/\/onmky.fi\/osastot\/koripallo\/blog\/?p=3494"},"modified":"2012-06-18T08:49:22","modified_gmt":"2012-06-18T05:49:22","slug":"c-ja-b98-tyttojen-kesaharjoitusajat","status":"publish","type":"post","link":"https:\/\/onmky.fi\/osastot\/koripallo\/blog\/2012\/06\/18\/c-ja-b98-tyttojen-kesaharjoitusajat\/","title":{"rendered":"C- ja B98-tytt\u00f6jen kes\u00e4harjoitusajat"},"content":{"rendered":"<div>\n<p><span style=\"font-family: Arial;\">T\u00e4ss\u00e4 olisi tiedoksi C- ja B98-tytt\u00f6jen kes\u00e4n harjoitusajat. Koska Karjasillan koulun liikuntasali on\u00a0remontissa ensi viikolla, niin harjoitukset pidet\u00e4\u00e4n\u00a0Tuiran koululla. <\/span><\/p>\n<p><strong><span style=\"font-family: Arial;\">Viikko 26 (25.6.-1.7)<\/span><\/strong><\/p>\n<p><span style=\"font-family: Arial;\">ti Tuira klo:17.30-19.30<\/span><\/p>\n<p><span style=\"font-family: Arial;\">to Tuira klo:17.30-19.30<\/span><\/p>\n<p><span style=\"font-family: Arial;\">pe\u00a0Tuira klo:17.30-19.30<\/span><\/p>\n<p>&nbsp;<\/p>\n<p><strong><span style=\"font-family: Arial;\">Viikosta 27 (2.7.)\u00a0eteenp\u00e4in<\/span><\/strong><\/p>\n<p><strong><\/strong> <span style=\"font-family: Arial;\">ma Karjasilta 16.30-18.30<\/span><\/p>\n<p><span style=\"font-family: Arial;\">ke Karjasilta 16.30-18.30<br \/>\n<\/span><\/p>\n<p><span style=\"font-family: Arial;\">pe Tuira 17.30-19.30<\/span><\/p>\n<div>\n<div><\/div>\n<div><span style=\"font-family: Arial;\">HUOM! Satoi tai paistoi, niin jokaisen harjoituksen alussa olemme ulkona n.30 min, joten normaalin treenivarustuken lis\u00e4ksi lenkkarit mukaan ja s\u00e4\u00e4nmukainen vaatetus. <\/span><\/div>\n<div><span style=\"font-family: Arial;\"><br \/>\n<\/span><\/div>\n<\/div>\n<\/div>\n","protected":false},"excerpt":{"rendered":"<p>T\u00e4ss\u00e4 olisi tiedoksi C- ja B98-tytt\u00f6jen kes\u00e4n harjoitusajat. Koska Karjasillan koulun liikuntasali on\u00a0remontissa ensi viikolla, niin harjoitukset pidet\u00e4\u00e4n\u00a0Tuiran koululla. Viikko 26 (25.6.-1.7) ti Tuira klo:17.30-19.30 to Tuira klo:17.30-19.30 pe\u00a0Tuira klo:17.30-19.30 &nbsp; Viikosta 27 (2.7.)\u00a0eteenp\u00e4in ma Karjasilta 16.30-18.30 ke Karjasilta 16.30-18.30 pe Tuira 17.30-19.30 HUOM! Satoi tai paistoi, niin jokaisen harjoituksen alussa olemme ulkona n.30 min, [&hellip;]<\/p>\n","protected":false},"author":86,"featured_media":0,"comment_status":"open","ping_status":"open","sticky":false,"template":"","format":"standard","meta":{"_et_pb_use_builder":"","_et_pb_old_content":"","_et_gb_content_width":"","footnotes":""},"categories":[12,3],"tags":[],"class_list":["post-3494","post","type-post","status-publish","format-standard","hentry","category-b-tytot","category-c-tytot"],"_links":{"self":[{"href":"https:\/\/onmky.fi\/osastot\/koripallo\/blog\/wp-json\/wp\/v2\/posts\/3494","targetHints":{"allow":["GET"]}}],"collection":[{"href":"https:\/\/onmky.fi\/osastot\/koripallo\/blog\/wp-json\/wp\/v2\/posts"}],"about":[{"href":"https:\/\/onmky.fi\/osastot\/koripallo\/blog\/wp-json\/wp\/v2\/types\/post"}],"author":[{"embeddable":true,"href":"https:\/\/onmky.fi\/osastot\/koripallo\/blog\/wp-json\/wp\/v2\/users\/86"}],"replies":[{"embeddable":true,"href":"https:\/\/onmky.fi\/osastot\/koripallo\/blog\/wp-json\/wp\/v2\/comments?post=3494"}],"version-history":[{"count":2,"href":"https:\/\/onmky.fi\/osastot\/koripallo\/blog\/wp-json\/wp\/v2\/posts\/3494\/revisions"}],"predecessor-version":[{"id":3496,"href":"https:\/\/onmky.fi\/osastot\/koripallo\/blog\/wp-json\/wp\/v2\/posts\/3494\/revisions\/3496"}],"wp:attachment":[{"href":"https:\/\/onmky.fi\/osastot\/koripallo\/blog\/wp-json\/wp\/v2\/media?parent=3494"}],"wp:term":[{"taxonomy":"category","embeddable":true,"href":"https:\/\/onmky.fi\/osastot\/koripallo\/blog\/wp-json\/wp\/v2\/categories?post=3494"},{"taxonomy":"post_tag","embeddable":true,"href":"https:\/\/onmky.fi\/osastot\/koripallo\/blog\/wp-json\/wp\/v2\/tags?post=3494"}],"curies":[{"name":"wp","href":"https:\/\/api.w.org\/{rel}","templated":true}]}}