{"id":3500,"date":"2012-06-18T10:21:09","date_gmt":"2012-06-18T07:21:09","guid":{"rendered":"http:\/\/onmky.fi\/osastot\/koripallo\/blog\/?p=3500"},"modified":"2012-06-18T10:21:09","modified_gmt":"2012-06-18T07:21:09","slug":"b97-tytot-a-tytot-ja-naisten-edustus-harjoitusajat","status":"publish","type":"post","link":"https:\/\/onmky.fi\/osastot\/koripallo\/blog\/2012\/06\/18\/b97-tytot-a-tytot-ja-naisten-edustus-harjoitusajat\/","title":{"rendered":"B97-tyt\u00f6t, A-tyt\u00f6t ja naisten edustus: Harjoitusajat"},"content":{"rendered":"<p><strong>Harjoitusajat viikolla 25:<\/strong><\/p>\n<p>Ma 18.6.\u00a0klo 19.15 &#8211; 21.30 Lajiharjoitus, Karjasilta<\/p>\n<p>Ti 19.6. klo 16.30 &#8211; 18.15 Kuntosali, V\u00e4rt\u00f6n liikuntahalli<\/p>\n<p>Ke 20.6. klo 17.00 &#8211; 19.00 Lajiharjoitus,\u00a0Karjasilta<\/p>\n<p>Torstaina ja perjantaina ei ole harjoituksia Juhannuksen vuoksi. T\u00e4st\u00e4 alkaa omatoimisen harjoittelun jakso, joka kest\u00e4\u00e4 15.7. asti.<\/p>\n<p><strong>Harjoitusajat viikosta 29 eteenp\u00e4in (ma 16.7.):<\/strong><\/p>\n<p>Ma 19.15-21.30 Karjasilta (tuki + laji)<\/p>\n<p>Ti 16.30-18.15 V\u00e4rtt\u00f6 (tuki + kuntosali)<\/p>\n<p>Ke 17.30-19.30 Tuira (tuki + laji)<\/p>\n<p>To 17.45-20.00 Karjasilta (tuki + laji)<\/p>\n<p>Pe 18.30-20.00 Open Gym<\/p>\n","protected":false},"excerpt":{"rendered":"<p>Harjoitusajat viikolla 25: Ma 18.6.\u00a0klo 19.15 &#8211; 21.30 Lajiharjoitus, Karjasilta Ti 19.6. klo 16.30 &#8211; 18.15 Kuntosali, V\u00e4rt\u00f6n liikuntahalli Ke 20.6. klo 17.00 &#8211; 19.00 Lajiharjoitus,\u00a0Karjasilta Torstaina ja perjantaina ei ole harjoituksia Juhannuksen vuoksi. T\u00e4st\u00e4 alkaa omatoimisen harjoittelun jakso, joka kest\u00e4\u00e4 15.7. asti. Harjoitusajat viikosta 29 eteenp\u00e4in (ma 16.7.): Ma 19.15-21.30 Karjasilta (tuki + laji) [&hellip;]<\/p>\n","protected":false},"author":86,"featured_media":0,"comment_status":"open","ping_status":"open","sticky":false,"template":"","format":"standard","meta":{"_et_pb_use_builder":"","_et_pb_old_content":"","_et_gb_content_width":"","footnotes":""},"categories":[14,12,42],"tags":[],"class_list":["post-3500","post","type-post","status-publish","format-standard","hentry","category-a-tytot","category-b-tytot","category-naisten-edustusjoukkue"],"_links":{"self":[{"href":"https:\/\/onmky.fi\/osastot\/koripallo\/blog\/wp-json\/wp\/v2\/posts\/3500","targetHints":{"allow":["GET"]}}],"collection":[{"href":"https:\/\/onmky.fi\/osastot\/koripallo\/blog\/wp-json\/wp\/v2\/posts"}],"about":[{"href":"https:\/\/onmky.fi\/osastot\/koripallo\/blog\/wp-json\/wp\/v2\/types\/post"}],"author":[{"embeddable":true,"href":"https:\/\/onmky.fi\/osastot\/koripallo\/blog\/wp-json\/wp\/v2\/users\/86"}],"replies":[{"embeddable":true,"href":"https:\/\/onmky.fi\/osastot\/koripallo\/blog\/wp-json\/wp\/v2\/comments?post=3500"}],"version-history":[{"count":3,"href":"https:\/\/onmky.fi\/osastot\/koripallo\/blog\/wp-json\/wp\/v2\/posts\/3500\/revisions"}],"predecessor-version":[{"id":3503,"href":"https:\/\/onmky.fi\/osastot\/koripallo\/blog\/wp-json\/wp\/v2\/posts\/3500\/revisions\/3503"}],"wp:attachment":[{"href":"https:\/\/onmky.fi\/osastot\/koripallo\/blog\/wp-json\/wp\/v2\/media?parent=3500"}],"wp:term":[{"taxonomy":"category","embeddable":true,"href":"https:\/\/onmky.fi\/osastot\/koripallo\/blog\/wp-json\/wp\/v2\/categories?post=3500"},{"taxonomy":"post_tag","embeddable":true,"href":"https:\/\/onmky.fi\/osastot\/koripallo\/blog\/wp-json\/wp\/v2\/tags?post=3500"}],"curies":[{"name":"wp","href":"https:\/\/api.w.org\/{rel}","templated":true}]}}