{"id":3522,"date":"2012-08-07T09:58:42","date_gmt":"2012-08-07T06:58:42","guid":{"rendered":"http:\/\/onmky.fi\/osastot\/koripallo\/blog\/?p=3522"},"modified":"2012-08-07T09:58:42","modified_gmt":"2012-08-07T06:58:42","slug":"rokuan-korisleiri-tarjosi-hyvia-fiiliksia-ja-paljon-harjoittelua","status":"publish","type":"post","link":"https:\/\/onmky.fi\/osastot\/koripallo\/blog\/2012\/08\/07\/rokuan-korisleiri-tarjosi-hyvia-fiiliksia-ja-paljon-harjoittelua\/","title":{"rendered":"Rokuan korisleiri tarjosi hyvi\u00e4 fiiliksi\u00e4 ja paljon harjoittelua!"},"content":{"rendered":"<p>Perinteinen Rokuan korisleiri j\u00e4rjestettiin t\u00e4n\u00e4kin kes\u00e4n\u00e4 hein\u00e4kuun viimeisen\u00e4 viikonloppuna 26.-29.7. Mukaan oli ilmoittautunut hienosti 38 pelaaja, joka on leirin uusi enn\u00e4tysm\u00e4\u00e4r\u00e4 osallistujissa. Pelaajien ik\u00e4haitari oli 8-15 vuotta. Valtaosa leiril\u00e4isist\u00e4 oli ynnil\u00e4isi\u00e4, mutta oli mukana pelaajia my\u00f6s Kalajoelta ja Taivalkoskelta. Kun mukaan l\u00e4hti viel\u00e4 yhteens\u00e4 13 valmentajaa ja leirity\u00f6ntekij\u00e4\u00e4, niin oli koossa kunnioitettava yli 50 hengen joukko.<\/p>\n<p>Leiri alkoi torstaina klo 15 aikoihin, kun Pekka M\u00e4llisen liikenn\u00f6im\u00e4 linja-auto saapui leirikeskuksen pihaan. Pikaisen v\u00e4lipalan, leirin aloitussanojen ja majoittumisen j\u00e4lkeen p\u00e4\u00e4stiin tositoimiin, eli ensimm\u00e4isiin harjoituksiin. Ja harjoittelua leirill\u00e4 riittikin. Ensimm\u00e4isen\u00e4 p\u00e4iv\u00e4n\u00e4 oli kaksi tuntia harjoittelua, toisena ja kolmantena p\u00e4iv\u00e4n\u00e4 nelj\u00e4 tuntia harjoittelua ja p\u00e4\u00e4t\u00f6sp\u00e4iv\u00e4n\u00e4 pelattiin viel\u00e4 finaalipelit.<\/p>\n<p>Tavoitteena oli j\u00e4rjest\u00e4\u00e4 kaikille pelaajille kehitt\u00e4v\u00e4 koripalloleiri, niin lajitaitojen kuin fyysisten ominaisuuksien puolesta. Ja siin\u00e4 kyll\u00e4 onnistuttiin hyvin! Huomionarvoista oli se, mill\u00e4 asenteella pelaajat tekiv\u00e4t leirill\u00e4 t\u00f6it\u00e4. Kaikki jaksoivat tsempata hyvin, niin laji- kuin tukiharjoituksissakin. Aina mentiin t\u00e4ysill\u00e4, mutta siit\u00e4 huolimatta reilussa hengess\u00e4.<\/p>\n<p>Mahtui leirille toki muutakin kuin pelkk\u00e4\u00e4 koripalloharjoittelua. Avainasemassa oli tietenkin saunominen ja uiminen. Rantasauna ja kirkasvetinen Vauluj\u00e4rvi tarjosivat t\u00e4h\u00e4n ihanteelliset puitteet. Lis\u00e4ksi ohjelmassa oli kaksip\u00e4iv\u00e4iset leiriolympialaiset ja lauantai-illan kruunannut leiridisko, josta ei menoa puuttunut. T\u00e4rke\u00e4 osa leiri\u00e4 oli my\u00f6s vapaa-aika, jolloin oli mahdollisuus p\u00e4iv\u00e4uniin, tutustua uusiin kavereihin tai vaikka omatoimiseen harjoitukseen koripallokent\u00e4ll\u00e4.<\/p>\n<p>Hyv\u00e4t s\u00e4\u00e4t olivat my\u00f6s osaltaan takaamassa onnistunutta koripalloleiri\u00e4. Torstaina, perjantaina ja lauantaina oli aurinkoista ja l\u00e4mmint\u00e4 n. 20 astetta. Keli oli siis, mit\u00e4 parhain ulkona tapahtuvan urheiluleirin pit\u00e4miseen. Ainut yht\u00e4jaksoinen sade sattui sunnuntai aamup\u00e4iv\u00e4\u00e4n. T\u00e4ll\u00f6inkin ohjelmassa oli leirisiivous, jota ei pikku sade haitannut.<\/p>\n<p>Yhteenvetona voidaan sanoa, ett\u00e4 Rokuan korisleiri 2012 oli huippuleiri!! Se tarjosi jokaiselle pelaajalle (ja ohjaajalle) paljon hienoja el\u00e4myksi\u00e4 ja kehitt\u00e4v\u00e4\u00e4 koripalloharjoittelua. Huolimatta leirin laajasta ik\u00e4haitarista leirill\u00e4 vallitsi todella hyv\u00e4 henki. Jokainen leiril\u00e4inen sai varmasti monta uutta kaveria tai yst\u00e4v\u00e4\u00e4!<\/p>\n<p>Oulun NMKY kiitt\u00e4\u00e4 l\u00e4mpim\u00e4sti kaikkia leiril\u00e4isi\u00e4 ja ohjaajia hyvin onnistuneesta leirist\u00e4! Eip\u00e4 muuta kuin mahtavaa koripallokautta 2012-2013 kaikille!!<\/p>\n<p>&nbsp;<\/p>\n<p>Ps. Rokuan korisleiri 2013 j\u00e4rjestet\u00e4\u00e4n 25.-28.7.2013. N\u00e4hd\u00e4\u00e4n silloin Rokualla!! \ud83d\ude09<\/p>\n","protected":false},"excerpt":{"rendered":"<p>Perinteinen Rokuan korisleiri j\u00e4rjestettiin t\u00e4n\u00e4kin kes\u00e4n\u00e4 hein\u00e4kuun viimeisen\u00e4 viikonloppuna 26.-29.7. Mukaan oli ilmoittautunut hienosti 38 pelaaja, joka on leirin uusi enn\u00e4tysm\u00e4\u00e4r\u00e4 osallistujissa. Pelaajien ik\u00e4haitari oli 8-15 vuotta. Valtaosa leiril\u00e4isist\u00e4 oli ynnil\u00e4isi\u00e4, mutta oli mukana pelaajia my\u00f6s Kalajoelta ja Taivalkoskelta. Kun mukaan l\u00e4hti viel\u00e4 yhteens\u00e4 13 valmentajaa ja leirity\u00f6ntekij\u00e4\u00e4, niin oli koossa kunnioitettava yli 50 hengen [&hellip;]<\/p>\n","protected":false},"author":86,"featured_media":0,"comment_status":"open","ping_status":"open","sticky":false,"template":"","format":"standard","meta":{"_et_pb_use_builder":"","_et_pb_old_content":"","_et_gb_content_width":"","footnotes":""},"categories":[32],"tags":[],"class_list":["post-3522","post","type-post","status-publish","format-standard","hentry","category-leirit"],"_links":{"self":[{"href":"https:\/\/onmky.fi\/osastot\/koripallo\/blog\/wp-json\/wp\/v2\/posts\/3522","targetHints":{"allow":["GET"]}}],"collection":[{"href":"https:\/\/onmky.fi\/osastot\/koripallo\/blog\/wp-json\/wp\/v2\/posts"}],"about":[{"href":"https:\/\/onmky.fi\/osastot\/koripallo\/blog\/wp-json\/wp\/v2\/types\/post"}],"author":[{"embeddable":true,"href":"https:\/\/onmky.fi\/osastot\/koripallo\/blog\/wp-json\/wp\/v2\/users\/86"}],"replies":[{"embeddable":true,"href":"https:\/\/onmky.fi\/osastot\/koripallo\/blog\/wp-json\/wp\/v2\/comments?post=3522"}],"version-history":[{"count":2,"href":"https:\/\/onmky.fi\/osastot\/koripallo\/blog\/wp-json\/wp\/v2\/posts\/3522\/revisions"}],"predecessor-version":[{"id":3524,"href":"https:\/\/onmky.fi\/osastot\/koripallo\/blog\/wp-json\/wp\/v2\/posts\/3522\/revisions\/3524"}],"wp:attachment":[{"href":"https:\/\/onmky.fi\/osastot\/koripallo\/blog\/wp-json\/wp\/v2\/media?parent=3522"}],"wp:term":[{"taxonomy":"category","embeddable":true,"href":"https:\/\/onmky.fi\/osastot\/koripallo\/blog\/wp-json\/wp\/v2\/categories?post=3522"},{"taxonomy":"post_tag","embeddable":true,"href":"https:\/\/onmky.fi\/osastot\/koripallo\/blog\/wp-json\/wp\/v2\/tags?post=3522"}],"curies":[{"name":"wp","href":"https:\/\/api.w.org\/{rel}","templated":true}]}}