{"id":3616,"date":"2012-11-02T17:40:22","date_gmt":"2012-11-02T14:40:22","guid":{"rendered":"http:\/\/onmky.fi\/osastot\/koripallo\/blog\/?p=3616"},"modified":"2012-11-02T17:40:22","modified_gmt":"2012-11-02T14:40:22","slug":"syyskokous-7-11-2012-klo-18-00-raatin-nuorisotalolla","status":"publish","type":"post","link":"https:\/\/onmky.fi\/osastot\/koripallo\/blog\/2012\/11\/02\/syyskokous-7-11-2012-klo-18-00-raatin-nuorisotalolla\/","title":{"rendered":"Syyskokous 7.11.2012 klo 18.00 Raatin nuorisotalolla"},"content":{"rendered":"<p>ONMKY:n koripalloilijoiden s\u00e4\u00e4nt\u00f6m\u00e4\u00e4r\u00e4inen syyskokous j\u00e4rjestet\u00e4\u00e4n 7.11.2012 klo 18.00 Raatin nuorisotalolla.<\/p>\n<p>J\u00e4senet tervetuloa mukaan!<\/p>\n","protected":false},"excerpt":{"rendered":"<p>ONMKY:n koripalloilijoiden s\u00e4\u00e4nt\u00f6m\u00e4\u00e4r\u00e4inen syyskokous j\u00e4rjestet\u00e4\u00e4n 7.11.2012 klo 18.00 Raatin nuorisotalolla. J\u00e4senet tervetuloa mukaan!<\/p>\n","protected":false},"author":86,"featured_media":0,"comment_status":"open","ping_status":"open","sticky":false,"template":"","format":"standard","meta":{"_et_pb_use_builder":"","_et_pb_old_content":"","_et_gb_content_width":"","footnotes":""},"categories":[4],"tags":[],"class_list":["post-3616","post","type-post","status-publish","format-standard","hentry","category-tiedotukset"],"_links":{"self":[{"href":"https:\/\/onmky.fi\/osastot\/koripallo\/blog\/wp-json\/wp\/v2\/posts\/3616","targetHints":{"allow":["GET"]}}],"collection":[{"href":"https:\/\/onmky.fi\/osastot\/koripallo\/blog\/wp-json\/wp\/v2\/posts"}],"about":[{"href":"https:\/\/onmky.fi\/osastot\/koripallo\/blog\/wp-json\/wp\/v2\/types\/post"}],"author":[{"embeddable":true,"href":"https:\/\/onmky.fi\/osastot\/koripallo\/blog\/wp-json\/wp\/v2\/users\/86"}],"replies":[{"embeddable":true,"href":"https:\/\/onmky.fi\/osastot\/koripallo\/blog\/wp-json\/wp\/v2\/comments?post=3616"}],"version-history":[{"count":2,"href":"https:\/\/onmky.fi\/osastot\/koripallo\/blog\/wp-json\/wp\/v2\/posts\/3616\/revisions"}],"predecessor-version":[{"id":3618,"href":"https:\/\/onmky.fi\/osastot\/koripallo\/blog\/wp-json\/wp\/v2\/posts\/3616\/revisions\/3618"}],"wp:attachment":[{"href":"https:\/\/onmky.fi\/osastot\/koripallo\/blog\/wp-json\/wp\/v2\/media?parent=3616"}],"wp:term":[{"taxonomy":"category","embeddable":true,"href":"https:\/\/onmky.fi\/osastot\/koripallo\/blog\/wp-json\/wp\/v2\/categories?post=3616"},{"taxonomy":"post_tag","embeddable":true,"href":"https:\/\/onmky.fi\/osastot\/koripallo\/blog\/wp-json\/wp\/v2\/tags?post=3616"}],"curies":[{"name":"wp","href":"https:\/\/api.w.org\/{rel}","templated":true}]}}