{"id":3786,"date":"2013-01-18T13:44:04","date_gmt":"2013-01-18T10:44:04","guid":{"rendered":"http:\/\/onmky.fi\/osastot\/koripallo\/blog\/?p=3786"},"modified":"2013-01-18T14:58:44","modified_gmt":"2013-01-18T11:58:44","slug":"onmkyn-mikrotyttojen-vanhempainilta-karjasillan-koululla-to-24-1-klo-17-00-alkaen","status":"publish","type":"post","link":"https:\/\/onmky.fi\/osastot\/koripallo\/blog\/2013\/01\/18\/onmkyn-mikrotyttojen-vanhempainilta-karjasillan-koululla-to-24-1-klo-17-00-alkaen\/","title":{"rendered":"ONMKY:n mikrotytt\u00f6jen vanhempainilta Karjasillan koululla to 24.1. klo 17.00"},"content":{"rendered":"<p>ONMKY:n mikrotytt\u00f6jen vanhempainilta j\u00e4rjestet\u00e4\u00e4n ensi viikon torstaina 24.1. Karjasillan koululla klo 17.00 alkaen. Tyt\u00f6t harjoittelevat vanhempainillan aikana salissa.<\/p>\n<p>Vanhempainillassa k\u00e4yd\u00e4\u00e4n l\u00e4pi ONMKY:n koripallotoiminnan periaatteita sek\u00e4 vastataan esille nouseviin kysymyksiin.<\/p>\n<p>Seuran edustajana paikalla on nuorisop\u00e4\u00e4llikk\u00f6 Mika Lustig.<\/p>\n<p>Tervetuloa mukaan!<\/p>\n","protected":false},"excerpt":{"rendered":"<p>ONMKY:n mikrotytt\u00f6jen vanhempainilta j\u00e4rjestet\u00e4\u00e4n ensi viikon torstaina 24.1. Karjasillan koululla klo 17.00 alkaen. Tyt\u00f6t harjoittelevat vanhempainillan aikana salissa. Vanhempainillassa k\u00e4yd\u00e4\u00e4n l\u00e4pi ONMKY:n koripallotoiminnan periaatteita sek\u00e4 vastataan esille nouseviin kysymyksiin. Seuran edustajana paikalla on nuorisop\u00e4\u00e4llikk\u00f6 Mika Lustig. Tervetuloa mukaan!<\/p>\n","protected":false},"author":86,"featured_media":0,"comment_status":"open","ping_status":"open","sticky":false,"template":"","format":"standard","meta":{"_et_pb_use_builder":"","_et_pb_old_content":"","_et_gb_content_width":"","footnotes":""},"categories":[4],"tags":[],"class_list":["post-3786","post","type-post","status-publish","format-standard","hentry","category-tiedotukset"],"_links":{"self":[{"href":"https:\/\/onmky.fi\/osastot\/koripallo\/blog\/wp-json\/wp\/v2\/posts\/3786","targetHints":{"allow":["GET"]}}],"collection":[{"href":"https:\/\/onmky.fi\/osastot\/koripallo\/blog\/wp-json\/wp\/v2\/posts"}],"about":[{"href":"https:\/\/onmky.fi\/osastot\/koripallo\/blog\/wp-json\/wp\/v2\/types\/post"}],"author":[{"embeddable":true,"href":"https:\/\/onmky.fi\/osastot\/koripallo\/blog\/wp-json\/wp\/v2\/users\/86"}],"replies":[{"embeddable":true,"href":"https:\/\/onmky.fi\/osastot\/koripallo\/blog\/wp-json\/wp\/v2\/comments?post=3786"}],"version-history":[{"count":4,"href":"https:\/\/onmky.fi\/osastot\/koripallo\/blog\/wp-json\/wp\/v2\/posts\/3786\/revisions"}],"predecessor-version":[{"id":3789,"href":"https:\/\/onmky.fi\/osastot\/koripallo\/blog\/wp-json\/wp\/v2\/posts\/3786\/revisions\/3789"}],"wp:attachment":[{"href":"https:\/\/onmky.fi\/osastot\/koripallo\/blog\/wp-json\/wp\/v2\/media?parent=3786"}],"wp:term":[{"taxonomy":"category","embeddable":true,"href":"https:\/\/onmky.fi\/osastot\/koripallo\/blog\/wp-json\/wp\/v2\/categories?post=3786"},{"taxonomy":"post_tag","embeddable":true,"href":"https:\/\/onmky.fi\/osastot\/koripallo\/blog\/wp-json\/wp\/v2\/tags?post=3786"}],"curies":[{"name":"wp","href":"https:\/\/api.w.org\/{rel}","templated":true}]}}