{"id":3876,"date":"2013-03-08T12:38:19","date_gmt":"2013-03-08T09:38:19","guid":{"rendered":"http:\/\/onmky.fi\/osastot\/koripallo\/blog\/?p=3876"},"modified":"2013-03-08T12:38:19","modified_gmt":"2013-03-08T09:38:19","slug":"koripalloilijoiden-kevatkokous","status":"publish","type":"post","link":"https:\/\/onmky.fi\/osastot\/koripallo\/blog\/2013\/03\/08\/koripalloilijoiden-kevatkokous\/","title":{"rendered":"Koripalloilijoiden kev\u00e4tkokous"},"content":{"rendered":"<p>Oulun NMKY:n koripalloilijoiden kev\u00e4tkokous pidet\u00e4\u00e4n keskiviikkona 13.3.2013 klo 18.30 Raatin nuorisotalolla (kokoushuone).<\/p>\n<p>J\u00e4senet tervetuloa mukaan!<\/p>\n","protected":false},"excerpt":{"rendered":"<p>Oulun NMKY:n koripalloilijoiden kev\u00e4tkokous pidet\u00e4\u00e4n keskiviikkona 13.3.2013 klo 18.30 Raatin nuorisotalolla (kokoushuone). J\u00e4senet tervetuloa mukaan!<\/p>\n","protected":false},"author":86,"featured_media":0,"comment_status":"open","ping_status":"open","sticky":false,"template":"","format":"standard","meta":{"_et_pb_use_builder":"","_et_pb_old_content":"","_et_gb_content_width":"","footnotes":""},"categories":[4],"tags":[],"class_list":["post-3876","post","type-post","status-publish","format-standard","hentry","category-tiedotukset"],"_links":{"self":[{"href":"https:\/\/onmky.fi\/osastot\/koripallo\/blog\/wp-json\/wp\/v2\/posts\/3876","targetHints":{"allow":["GET"]}}],"collection":[{"href":"https:\/\/onmky.fi\/osastot\/koripallo\/blog\/wp-json\/wp\/v2\/posts"}],"about":[{"href":"https:\/\/onmky.fi\/osastot\/koripallo\/blog\/wp-json\/wp\/v2\/types\/post"}],"author":[{"embeddable":true,"href":"https:\/\/onmky.fi\/osastot\/koripallo\/blog\/wp-json\/wp\/v2\/users\/86"}],"replies":[{"embeddable":true,"href":"https:\/\/onmky.fi\/osastot\/koripallo\/blog\/wp-json\/wp\/v2\/comments?post=3876"}],"version-history":[{"count":1,"href":"https:\/\/onmky.fi\/osastot\/koripallo\/blog\/wp-json\/wp\/v2\/posts\/3876\/revisions"}],"predecessor-version":[{"id":3877,"href":"https:\/\/onmky.fi\/osastot\/koripallo\/blog\/wp-json\/wp\/v2\/posts\/3876\/revisions\/3877"}],"wp:attachment":[{"href":"https:\/\/onmky.fi\/osastot\/koripallo\/blog\/wp-json\/wp\/v2\/media?parent=3876"}],"wp:term":[{"taxonomy":"category","embeddable":true,"href":"https:\/\/onmky.fi\/osastot\/koripallo\/blog\/wp-json\/wp\/v2\/categories?post=3876"},{"taxonomy":"post_tag","embeddable":true,"href":"https:\/\/onmky.fi\/osastot\/koripallo\/blog\/wp-json\/wp\/v2\/tags?post=3876"}],"curies":[{"name":"wp","href":"https:\/\/api.w.org\/{rel}","templated":true}]}}