{"id":4084,"date":"2013-09-03T11:02:23","date_gmt":"2013-09-03T08:02:23","guid":{"rendered":"http:\/\/onmky.fi\/osastot\/koripallo\/blog\/?p=4084"},"modified":"2013-09-25T10:13:23","modified_gmt":"2013-09-25T07:13:23","slug":"minityttojen-vanhempainilta-ma-9-9-kl-18-00-karjasillan-koululla","status":"publish","type":"post","link":"https:\/\/onmky.fi\/osastot\/koripallo\/blog\/2013\/09\/03\/minityttojen-vanhempainilta-ma-9-9-kl-18-00-karjasillan-koululla\/","title":{"rendered":"Minitytt\u00f6jen vanhempainilta ma 9.9. kl 18.00 Karjasillan koululla"},"content":{"rendered":"<p>Minitytt\u00f6jen joukkueen vanhempainilta pidet\u00e4\u00e4n ensi viikon maanantaina 9.9. Karjasillan koululla. Minityt\u00f6t harjoittelevat samantaikaisesti salissa.<\/p>\n<p>Vanhempainillassa k\u00e4yd\u00e4\u00e4n l\u00e4pi minitytt\u00f6jen joukkueen toimintaa pelikaudella 2013-2014.<\/p>\n<p>Tervetuloa mukaan!<\/p>\n","protected":false},"excerpt":{"rendered":"<p>Minitytt\u00f6jen joukkueen vanhempainilta pidet\u00e4\u00e4n ensi viikon maanantaina 9.9. Karjasillan koululla. Minityt\u00f6t harjoittelevat samantaikaisesti salissa. Vanhempainillassa k\u00e4yd\u00e4\u00e4n l\u00e4pi minitytt\u00f6jen joukkueen toimintaa pelikaudella 2013-2014. Tervetuloa mukaan!<\/p>\n","protected":false},"author":86,"featured_media":0,"comment_status":"open","ping_status":"open","sticky":false,"template":"","format":"standard","meta":{"_et_pb_use_builder":"","_et_pb_old_content":"","_et_gb_content_width":"","footnotes":""},"categories":[8],"tags":[],"class_list":["post-4084","post","type-post","status-publish","format-standard","hentry","category-minitytot"],"_links":{"self":[{"href":"https:\/\/onmky.fi\/osastot\/koripallo\/blog\/wp-json\/wp\/v2\/posts\/4084","targetHints":{"allow":["GET"]}}],"collection":[{"href":"https:\/\/onmky.fi\/osastot\/koripallo\/blog\/wp-json\/wp\/v2\/posts"}],"about":[{"href":"https:\/\/onmky.fi\/osastot\/koripallo\/blog\/wp-json\/wp\/v2\/types\/post"}],"author":[{"embeddable":true,"href":"https:\/\/onmky.fi\/osastot\/koripallo\/blog\/wp-json\/wp\/v2\/users\/86"}],"replies":[{"embeddable":true,"href":"https:\/\/onmky.fi\/osastot\/koripallo\/blog\/wp-json\/wp\/v2\/comments?post=4084"}],"version-history":[{"count":4,"href":"https:\/\/onmky.fi\/osastot\/koripallo\/blog\/wp-json\/wp\/v2\/posts\/4084\/revisions"}],"predecessor-version":[{"id":4086,"href":"https:\/\/onmky.fi\/osastot\/koripallo\/blog\/wp-json\/wp\/v2\/posts\/4084\/revisions\/4086"}],"wp:attachment":[{"href":"https:\/\/onmky.fi\/osastot\/koripallo\/blog\/wp-json\/wp\/v2\/media?parent=4084"}],"wp:term":[{"taxonomy":"category","embeddable":true,"href":"https:\/\/onmky.fi\/osastot\/koripallo\/blog\/wp-json\/wp\/v2\/categories?post=4084"},{"taxonomy":"post_tag","embeddable":true,"href":"https:\/\/onmky.fi\/osastot\/koripallo\/blog\/wp-json\/wp\/v2\/tags?post=4084"}],"curies":[{"name":"wp","href":"https:\/\/api.w.org\/{rel}","templated":true}]}}