{"id":4101,"date":"2013-09-05T13:18:08","date_gmt":"2013-09-05T10:18:08","guid":{"rendered":"http:\/\/onmky.fi\/osastot\/koripallo\/blog\/?p=4101"},"modified":"2013-09-25T10:13:23","modified_gmt":"2013-09-25T07:13:23","slug":"mikrotyttojen-harjoitukset-yhdistyvat-minityttojen-kanssa","status":"publish","type":"post","link":"https:\/\/onmky.fi\/osastot\/koripallo\/blog\/2013\/09\/05\/mikrotyttojen-harjoitukset-yhdistyvat-minityttojen-kanssa\/","title":{"rendered":"Mikrotytt\u00f6jen harjoitukset yhdistyv\u00e4t minitytt\u00f6jen kanssa"},"content":{"rendered":"<p>Mikrotytt\u00f6j\u00e4 on toistaiseksi k\u00e4ynyt harjoituksissa vain muutamia tytt\u00f6j\u00e4. Mielekk\u00e4\u00e4n toiminnan takaamiseksi mikrotytt\u00f6jen toiminta yhdistet\u00e4\u00e4n v\u00e4liaikaisesti minitytt\u00f6jen kanssa. Teemme koko ajan rekrytointity\u00f6t\u00e4 uusien junioreiden saamiseksi mukaan. Kun meill\u00e4 on riitt\u00e4v\u00e4sti mikroik\u00e4isi\u00e4 pelaajia, palaamme takaisin omiin harjoitusryhmiin.<\/p>\n<p>Jokaisiin yhdistettyihin harjoituksiin pyrit\u00e4\u00e4n saamaan paikalle kolme valmentajaa. T\u00e4t\u00e4 kautta toiminta pystyt\u00e4\u00e4n pit\u00e4m\u00e4\u00e4n laadukkaan ja saadaan palvelemaan kaikkien tytt\u00f6jen etuja.<\/p>\n<p>Maanantain ja tiistain harjoitukset ovat yhteisharjoituksia minitytt\u00f6jen kanssa. Perjantain harjoitus on edelleen oman harjoitusryhm\u00e4n harjoitus.<\/p>\n<p>Mikro- ja minitytt\u00f6jen yhteisharjoitukset alkavat maanantaina 9.9.<\/p>\n<p>Harjoitusajat ovat seuraavat:<\/p>\n<p>Ma 18.00-19.00 Karjasilta<\/p>\n<p>Ti 19.00-20.00 Kansainv\u00e4linen koulu<\/p>\n<p>Pe 17.00-18.00 Karjasilta<\/p>\n<p>&nbsp;<\/p>\n<p>Lis\u00e4tietoja:<\/p>\n<p>Mika Lustig<\/p>\n<p>Puh. 044-0202228 \/ mika.lustig (at) onmky.fi<\/p>\n","protected":false},"excerpt":{"rendered":"<p>Mikrotytt\u00f6j\u00e4 on toistaiseksi k\u00e4ynyt harjoituksissa vain muutamia tytt\u00f6j\u00e4. Mielekk\u00e4\u00e4n toiminnan takaamiseksi mikrotytt\u00f6jen toiminta yhdistet\u00e4\u00e4n v\u00e4liaikaisesti minitytt\u00f6jen kanssa. Teemme koko ajan rekrytointity\u00f6t\u00e4 uusien junioreiden saamiseksi mukaan. Kun meill\u00e4 on riitt\u00e4v\u00e4sti mikroik\u00e4isi\u00e4 pelaajia, palaamme takaisin omiin harjoitusryhmiin. Jokaisiin yhdistettyihin harjoituksiin pyrit\u00e4\u00e4n saamaan paikalle kolme valmentajaa. T\u00e4t\u00e4 kautta toiminta pystyt\u00e4\u00e4n pit\u00e4m\u00e4\u00e4n laadukkaan ja saadaan palvelemaan kaikkien tytt\u00f6jen etuja. [&hellip;]<\/p>\n","protected":false},"author":86,"featured_media":0,"comment_status":"open","ping_status":"open","sticky":false,"template":"","format":"standard","meta":{"_et_pb_use_builder":"","_et_pb_old_content":"","_et_gb_content_width":"","footnotes":""},"categories":[4],"tags":[],"class_list":["post-4101","post","type-post","status-publish","format-standard","hentry","category-tiedotukset"],"_links":{"self":[{"href":"https:\/\/onmky.fi\/osastot\/koripallo\/blog\/wp-json\/wp\/v2\/posts\/4101","targetHints":{"allow":["GET"]}}],"collection":[{"href":"https:\/\/onmky.fi\/osastot\/koripallo\/blog\/wp-json\/wp\/v2\/posts"}],"about":[{"href":"https:\/\/onmky.fi\/osastot\/koripallo\/blog\/wp-json\/wp\/v2\/types\/post"}],"author":[{"embeddable":true,"href":"https:\/\/onmky.fi\/osastot\/koripallo\/blog\/wp-json\/wp\/v2\/users\/86"}],"replies":[{"embeddable":true,"href":"https:\/\/onmky.fi\/osastot\/koripallo\/blog\/wp-json\/wp\/v2\/comments?post=4101"}],"version-history":[{"count":5,"href":"https:\/\/onmky.fi\/osastot\/koripallo\/blog\/wp-json\/wp\/v2\/posts\/4101\/revisions"}],"predecessor-version":[{"id":4146,"href":"https:\/\/onmky.fi\/osastot\/koripallo\/blog\/wp-json\/wp\/v2\/posts\/4101\/revisions\/4146"}],"wp:attachment":[{"href":"https:\/\/onmky.fi\/osastot\/koripallo\/blog\/wp-json\/wp\/v2\/media?parent=4101"}],"wp:term":[{"taxonomy":"category","embeddable":true,"href":"https:\/\/onmky.fi\/osastot\/koripallo\/blog\/wp-json\/wp\/v2\/categories?post=4101"},{"taxonomy":"post_tag","embeddable":true,"href":"https:\/\/onmky.fi\/osastot\/koripallo\/blog\/wp-json\/wp\/v2\/tags?post=4101"}],"curies":[{"name":"wp","href":"https:\/\/api.w.org\/{rel}","templated":true}]}}