{"id":4321,"date":"2013-10-17T12:52:58","date_gmt":"2013-10-17T09:52:58","guid":{"rendered":"http:\/\/onmky.fi\/osastot\/koripallo\/blog\/?p=4321"},"modified":"2013-10-17T12:52:58","modified_gmt":"2013-10-17T09:52:58","slug":"mikroikaisten-syysloman-ajan-harjoittelu-ja-vanhempainillat","status":"publish","type":"post","link":"https:\/\/onmky.fi\/osastot\/koripallo\/blog\/2013\/10\/17\/mikroikaisten-syysloman-ajan-harjoittelu-ja-vanhempainillat\/","title":{"rendered":"Mikroik\u00e4isten syysloman ajan harjoittelu ja vanhempainillat"},"content":{"rendered":"<p>Mikropoikien (synt. 2004-2006) harjoitusohjelma 18.-27.10.:<\/p>\n<p>Pe 18.10. klo 17.00-18.15 Karjasilta<\/p>\n<p>La 19.10. klo 10.00-11.15 Koskela<\/p>\n<p>Ma 21.10. Harjoitukset peruttu<\/p>\n<p>Pe 25.10. Harjoitukset peruttu<\/p>\n<p>La 26.10. Harjoitukset peruttu<\/p>\n<p>&nbsp;<\/p>\n<p>Mikrotytt\u00f6jen (synt. 2004-2006) harjoitusohjelma 18.-27.10.:<\/p>\n<p>Pe 18.10. klo 17.00-18.15 Karjasilta<\/p>\n<p>La 19.10. Harjoitukset peruttu<\/p>\n<p>Ma 21.10. Harjoitukset peruttu<\/p>\n<p>Pe 25.10. Harjoitukset peruttu<\/p>\n<p>La 26.10. klo 11.15-12.30 Koskela<\/p>\n<p>&nbsp;<\/p>\n<p>Mikropoikien ja -tytt\u00f6jen harjoitukset jatkuvat normaalisti maanantaista 28.10. alkaen.<\/p>\n<p>Mikropoikien vanhempainilta j\u00e4rjestet\u00e4\u00e4n harjoitusten yhteydess\u00e4 maanantaina 28.10. klo 18.00 alkaen.<\/p>\n<p>Mikrotytt\u00f6jen vanhempainilta j\u00e4rjestet\u00e4\u00e4n harjoitusten yhteydess\u00e4 perjantaina 1.11. klo 17.30 alkaen.<\/p>\n<p>Tervetuloa mukaan!<\/p>\n<p>&nbsp;<\/p>\n","protected":false},"excerpt":{"rendered":"<p>Mikropoikien (synt. 2004-2006) harjoitusohjelma 18.-27.10.: Pe 18.10. klo 17.00-18.15 Karjasilta La 19.10. klo 10.00-11.15 Koskela Ma 21.10. Harjoitukset peruttu Pe 25.10. Harjoitukset peruttu La 26.10. Harjoitukset peruttu &nbsp; Mikrotytt\u00f6jen (synt. 2004-2006) harjoitusohjelma 18.-27.10.: Pe 18.10. klo 17.00-18.15 Karjasilta La 19.10. Harjoitukset peruttu Ma 21.10. Harjoitukset peruttu Pe 25.10. Harjoitukset peruttu La 26.10. klo 11.15-12.30 Koskela [&hellip;]<\/p>\n","protected":false},"author":86,"featured_media":0,"comment_status":"open","ping_status":"open","sticky":false,"template":"","format":"standard","meta":{"_et_pb_use_builder":"","_et_pb_old_content":"","_et_gb_content_width":"","footnotes":""},"categories":[9,10,4],"tags":[],"class_list":["post-4321","post","type-post","status-publish","format-standard","hentry","category-mikropojat","category-mikrotytot","category-tiedotukset"],"_links":{"self":[{"href":"https:\/\/onmky.fi\/osastot\/koripallo\/blog\/wp-json\/wp\/v2\/posts\/4321","targetHints":{"allow":["GET"]}}],"collection":[{"href":"https:\/\/onmky.fi\/osastot\/koripallo\/blog\/wp-json\/wp\/v2\/posts"}],"about":[{"href":"https:\/\/onmky.fi\/osastot\/koripallo\/blog\/wp-json\/wp\/v2\/types\/post"}],"author":[{"embeddable":true,"href":"https:\/\/onmky.fi\/osastot\/koripallo\/blog\/wp-json\/wp\/v2\/users\/86"}],"replies":[{"embeddable":true,"href":"https:\/\/onmky.fi\/osastot\/koripallo\/blog\/wp-json\/wp\/v2\/comments?post=4321"}],"version-history":[{"count":1,"href":"https:\/\/onmky.fi\/osastot\/koripallo\/blog\/wp-json\/wp\/v2\/posts\/4321\/revisions"}],"predecessor-version":[{"id":4322,"href":"https:\/\/onmky.fi\/osastot\/koripallo\/blog\/wp-json\/wp\/v2\/posts\/4321\/revisions\/4322"}],"wp:attachment":[{"href":"https:\/\/onmky.fi\/osastot\/koripallo\/blog\/wp-json\/wp\/v2\/media?parent=4321"}],"wp:term":[{"taxonomy":"category","embeddable":true,"href":"https:\/\/onmky.fi\/osastot\/koripallo\/blog\/wp-json\/wp\/v2\/categories?post=4321"},{"taxonomy":"post_tag","embeddable":true,"href":"https:\/\/onmky.fi\/osastot\/koripallo\/blog\/wp-json\/wp\/v2\/tags?post=4321"}],"curies":[{"name":"wp","href":"https:\/\/api.w.org\/{rel}","templated":true}]}}