{"id":5237,"date":"2016-02-23T16:00:50","date_gmt":"2016-02-23T13:00:50","guid":{"rendered":"http:\/\/onmky.fi\/osastot\/koripallo\/blog\/?p=5237"},"modified":"2016-02-23T16:02:54","modified_gmt":"2016-02-23T13:02:54","slug":"minitytoilla-ylivieskasta-laihat-kotiintuomiset","status":"publish","type":"post","link":"https:\/\/onmky.fi\/osastot\/koripallo\/blog\/2016\/02\/23\/minitytoilla-ylivieskasta-laihat-kotiintuomiset\/","title":{"rendered":"Minityt\u00f6ill\u00e4 Ylivieskasta laihat kotiintuomiset"},"content":{"rendered":"<p>Ynnin minityt\u00f6t k\u00e4viv\u00e4t viikonloppuna pelaamassa pohjoisen aluesarjaa Ylivieskassa.\u00a0Ottelut p\u00e4\u00e4ttyiv\u00e4t vastustajien voittoihin luvuin 36-30 (Ylivieskan Kuula) ja 28-59 (Taivalkosken Kuohu).<\/p>\n<p>Ylivieska-ottelussa n\u00e4htiin pelin loppupuolella taisteluhenke\u00e4 ja huima nousu, mutta se ei riitt\u00e4nyt voittoon asti. Minityt\u00f6t saavat kuitenkin revanssin Kuulaa vastaan, sill\u00e4 joukkueet kohtaavat kev\u00e4\u00e4ll\u00e4 Oulussa.<\/p>\n<p>Valmentaja Emma Lauri kuvailee Ylivieskan peli\u00e4 tiukaksi:<\/p>\n<p>&#8221;Tyt\u00f6t pelasivat hyvin, mutta peli kaatui hy\u00f6kk\u00e4yksen tylsyyteen, vaikka puolustus toimi hyvin. TaKua vastaan v\u00e4symys jo painoi, sy\u00f6tt\u00f6peli ei toiminut ja peli-into laantui. Puolustuksessa ja hy\u00f6kk\u00e4yksess\u00e4 n\u00e4htiin kuitenkin hyvi\u00e4 ja toiveita her\u00e4tt\u00e4vi\u00e4 hetki\u00e4!&#8221;<\/p>\n<p>J\u00e4nnitt\u00e4vien otteluiden kuvat on ottanut Anu Montin.<\/p>\n<p><a href=\"http:\/\/onmky.fi\/osastot\/koripallo\/blog\/wp-content\/uploads\/2016\/02\/image7.jpeg\"><img loading=\"lazy\" decoding=\"async\" class=\"alignnone size-medium wp-image-5238\" src=\"http:\/\/onmky.fi\/osastot\/koripallo\/blog\/wp-content\/uploads\/2016\/02\/image7-300x238.jpeg\" alt=\"image\" width=\"300\" height=\"238\" srcset=\"https:\/\/onmky.fi\/osastot\/koripallo\/blog\/wp-content\/uploads\/2016\/02\/image7-300x238.jpeg 300w, https:\/\/onmky.fi\/osastot\/koripallo\/blog\/wp-content\/uploads\/2016\/02\/image7-1024x811.jpeg 1024w\" sizes=\"(max-width: 300px) 100vw, 300px\" \/><\/a> <a href=\"http:\/\/onmky.fi\/osastot\/koripallo\/blog\/wp-content\/uploads\/2016\/02\/image8.jpeg\"><img loading=\"lazy\" decoding=\"async\" class=\"alignnone size-medium wp-image-5239\" src=\"http:\/\/onmky.fi\/osastot\/koripallo\/blog\/wp-content\/uploads\/2016\/02\/image8-300x202.jpeg\" alt=\"image\" width=\"300\" height=\"202\" srcset=\"https:\/\/onmky.fi\/osastot\/koripallo\/blog\/wp-content\/uploads\/2016\/02\/image8-300x202.jpeg 300w, https:\/\/onmky.fi\/osastot\/koripallo\/blog\/wp-content\/uploads\/2016\/02\/image8-1024x689.jpeg 1024w\" sizes=\"(max-width: 300px) 100vw, 300px\" \/><\/a> <a href=\"http:\/\/onmky.fi\/osastot\/koripallo\/blog\/wp-content\/uploads\/2016\/02\/image9.jpeg\"><img loading=\"lazy\" decoding=\"async\" class=\"alignnone size-medium wp-image-5240\" src=\"http:\/\/onmky.fi\/osastot\/koripallo\/blog\/wp-content\/uploads\/2016\/02\/image9-300x225.jpeg\" alt=\"image\" width=\"300\" height=\"225\" srcset=\"https:\/\/onmky.fi\/osastot\/koripallo\/blog\/wp-content\/uploads\/2016\/02\/image9-300x225.jpeg 300w, https:\/\/onmky.fi\/osastot\/koripallo\/blog\/wp-content\/uploads\/2016\/02\/image9-1024x768.jpeg 1024w\" sizes=\"(max-width: 300px) 100vw, 300px\" \/><\/a> <a href=\"http:\/\/onmky.fi\/osastot\/koripallo\/blog\/wp-content\/uploads\/2016\/02\/image10.jpeg\"><img loading=\"lazy\" decoding=\"async\" class=\"alignnone size-medium wp-image-5241\" src=\"http:\/\/onmky.fi\/osastot\/koripallo\/blog\/wp-content\/uploads\/2016\/02\/image10-300x230.jpeg\" alt=\"image\" width=\"300\" height=\"230\" srcset=\"https:\/\/onmky.fi\/osastot\/koripallo\/blog\/wp-content\/uploads\/2016\/02\/image10-300x230.jpeg 300w, https:\/\/onmky.fi\/osastot\/koripallo\/blog\/wp-content\/uploads\/2016\/02\/image10-1024x785.jpeg 1024w\" sizes=\"(max-width: 300px) 100vw, 300px\" \/><\/a> <a href=\"http:\/\/onmky.fi\/osastot\/koripallo\/blog\/wp-content\/uploads\/2016\/02\/image11.jpeg\"><img loading=\"lazy\" decoding=\"async\" class=\"alignnone size-medium wp-image-5242\" src=\"http:\/\/onmky.fi\/osastot\/koripallo\/blog\/wp-content\/uploads\/2016\/02\/image11-224x300.jpeg\" alt=\"image\" width=\"224\" height=\"300\" srcset=\"https:\/\/onmky.fi\/osastot\/koripallo\/blog\/wp-content\/uploads\/2016\/02\/image11-224x300.jpeg 224w, https:\/\/onmky.fi\/osastot\/koripallo\/blog\/wp-content\/uploads\/2016\/02\/image11-766x1024.jpeg 766w\" sizes=\"(max-width: 224px) 100vw, 224px\" \/><\/a><\/p>\n","protected":false},"excerpt":{"rendered":"<p>Ynnin minityt\u00f6t k\u00e4viv\u00e4t viikonloppuna pelaamassa pohjoisen aluesarjaa Ylivieskassa.\u00a0Ottelut p\u00e4\u00e4ttyiv\u00e4t vastustajien voittoihin luvuin 36-30 (Ylivieskan Kuula) ja 28-59 (Taivalkosken Kuohu). Ylivieska-ottelussa n\u00e4htiin pelin loppupuolella taisteluhenke\u00e4 ja huima nousu, mutta se ei riitt\u00e4nyt voittoon asti. Minityt\u00f6t saavat kuitenkin revanssin Kuulaa vastaan, sill\u00e4 joukkueet kohtaavat kev\u00e4\u00e4ll\u00e4 Oulussa. Valmentaja Emma Lauri kuvailee Ylivieskan peli\u00e4 tiukaksi: &#8221;Tyt\u00f6t pelasivat hyvin, mutta [&hellip;]<\/p>\n","protected":false},"author":86,"featured_media":0,"comment_status":"open","ping_status":"open","sticky":false,"template":"","format":"standard","meta":{"_et_pb_use_builder":"","_et_pb_old_content":"","_et_gb_content_width":"","footnotes":""},"categories":[8],"tags":[],"class_list":["post-5237","post","type-post","status-publish","format-standard","hentry","category-minitytot"],"_links":{"self":[{"href":"https:\/\/onmky.fi\/osastot\/koripallo\/blog\/wp-json\/wp\/v2\/posts\/5237","targetHints":{"allow":["GET"]}}],"collection":[{"href":"https:\/\/onmky.fi\/osastot\/koripallo\/blog\/wp-json\/wp\/v2\/posts"}],"about":[{"href":"https:\/\/onmky.fi\/osastot\/koripallo\/blog\/wp-json\/wp\/v2\/types\/post"}],"author":[{"embeddable":true,"href":"https:\/\/onmky.fi\/osastot\/koripallo\/blog\/wp-json\/wp\/v2\/users\/86"}],"replies":[{"embeddable":true,"href":"https:\/\/onmky.fi\/osastot\/koripallo\/blog\/wp-json\/wp\/v2\/comments?post=5237"}],"version-history":[{"count":5,"href":"https:\/\/onmky.fi\/osastot\/koripallo\/blog\/wp-json\/wp\/v2\/posts\/5237\/revisions"}],"predecessor-version":[{"id":5247,"href":"https:\/\/onmky.fi\/osastot\/koripallo\/blog\/wp-json\/wp\/v2\/posts\/5237\/revisions\/5247"}],"wp:attachment":[{"href":"https:\/\/onmky.fi\/osastot\/koripallo\/blog\/wp-json\/wp\/v2\/media?parent=5237"}],"wp:term":[{"taxonomy":"category","embeddable":true,"href":"https:\/\/onmky.fi\/osastot\/koripallo\/blog\/wp-json\/wp\/v2\/categories?post=5237"},{"taxonomy":"post_tag","embeddable":true,"href":"https:\/\/onmky.fi\/osastot\/koripallo\/blog\/wp-json\/wp\/v2\/tags?post=5237"}],"curies":[{"name":"wp","href":"https:\/\/api.w.org\/{rel}","templated":true}]}}