{"id":5278,"date":"2016-03-17T14:27:12","date_gmt":"2016-03-17T11:27:12","guid":{"rendered":"http:\/\/onmky.fi\/osastot\/koripallo\/blog\/?p=5278"},"modified":"2016-03-17T14:27:12","modified_gmt":"2016-03-17T11:27:12","slug":"koripalloilijoiden-kevatkokous-ti-22-3-klo-18-30-alkaen-ynnilla","status":"publish","type":"post","link":"https:\/\/onmky.fi\/osastot\/koripallo\/blog\/2016\/03\/17\/koripalloilijoiden-kevatkokous-ti-22-3-klo-18-30-alkaen-ynnilla\/","title":{"rendered":"Koripalloilijoiden kev\u00e4tkokous ti 22.3. klo 18.30 alkaen Ynnill\u00e4"},"content":{"rendered":"<p>Ynnin koripalloilijoiden s\u00e4\u00e4nt\u00f6m\u00e4\u00e4r\u00e4inen kev\u00e4tkokous j\u00e4rjestet\u00e4\u00e4n tiistainan 22.3. klo 18.30 alkaen. Paikkana Raatin nuorisotalon Ynnin toimistotilat (Raatintie 7).<\/p>\n<p>Kaikki Ynnin koripalloilijoiden j\u00e4senet tervetuloa mukaan!<\/p>\n<p>Kokouksen asialista:<\/p>\n<p>1. Esitell\u00e4\u00e4n (johtokunnan laatima) toimintakertomus ja tilinp\u00e4\u00e4t\u00f6stiedot<br \/>\n2. P\u00e4\u00e4tet\u00e4\u00e4n toimintakertomuksen vahvistamisesta<br \/>\n3. P\u00e4\u00e4tet\u00e4\u00e4n tilinp\u00e4\u00e4t\u00f6ksen vahvistamisesta<br \/>\n4. P\u00e4\u00e4tet\u00e4\u00e4n tili- ja vastuuvapauden my\u00f6nt\u00e4misest\u00e4<br \/>\n5. K\u00e4sitell\u00e4\u00e4n muut kokouskutsussa mainitut asiat<\/p>\n<p>&nbsp;<\/p>\n","protected":false},"excerpt":{"rendered":"<p>Ynnin koripalloilijoiden s\u00e4\u00e4nt\u00f6m\u00e4\u00e4r\u00e4inen kev\u00e4tkokous j\u00e4rjestet\u00e4\u00e4n tiistainan 22.3. klo 18.30 alkaen. Paikkana Raatin nuorisotalon Ynnin toimistotilat (Raatintie 7). Kaikki Ynnin koripalloilijoiden j\u00e4senet tervetuloa mukaan! Kokouksen asialista: 1. Esitell\u00e4\u00e4n (johtokunnan laatima) toimintakertomus ja tilinp\u00e4\u00e4t\u00f6stiedot 2. P\u00e4\u00e4tet\u00e4\u00e4n toimintakertomuksen vahvistamisesta 3. P\u00e4\u00e4tet\u00e4\u00e4n tilinp\u00e4\u00e4t\u00f6ksen vahvistamisesta 4. P\u00e4\u00e4tet\u00e4\u00e4n tili- ja vastuuvapauden my\u00f6nt\u00e4misest\u00e4 5. K\u00e4sitell\u00e4\u00e4n muut kokouskutsussa mainitut asiat &nbsp;<\/p>\n","protected":false},"author":86,"featured_media":0,"comment_status":"open","ping_status":"open","sticky":false,"template":"","format":"standard","meta":{"_et_pb_use_builder":"","_et_pb_old_content":"","_et_gb_content_width":"","footnotes":""},"categories":[4],"tags":[],"class_list":["post-5278","post","type-post","status-publish","format-standard","hentry","category-tiedotukset"],"_links":{"self":[{"href":"https:\/\/onmky.fi\/osastot\/koripallo\/blog\/wp-json\/wp\/v2\/posts\/5278","targetHints":{"allow":["GET"]}}],"collection":[{"href":"https:\/\/onmky.fi\/osastot\/koripallo\/blog\/wp-json\/wp\/v2\/posts"}],"about":[{"href":"https:\/\/onmky.fi\/osastot\/koripallo\/blog\/wp-json\/wp\/v2\/types\/post"}],"author":[{"embeddable":true,"href":"https:\/\/onmky.fi\/osastot\/koripallo\/blog\/wp-json\/wp\/v2\/users\/86"}],"replies":[{"embeddable":true,"href":"https:\/\/onmky.fi\/osastot\/koripallo\/blog\/wp-json\/wp\/v2\/comments?post=5278"}],"version-history":[{"count":1,"href":"https:\/\/onmky.fi\/osastot\/koripallo\/blog\/wp-json\/wp\/v2\/posts\/5278\/revisions"}],"predecessor-version":[{"id":5279,"href":"https:\/\/onmky.fi\/osastot\/koripallo\/blog\/wp-json\/wp\/v2\/posts\/5278\/revisions\/5279"}],"wp:attachment":[{"href":"https:\/\/onmky.fi\/osastot\/koripallo\/blog\/wp-json\/wp\/v2\/media?parent=5278"}],"wp:term":[{"taxonomy":"category","embeddable":true,"href":"https:\/\/onmky.fi\/osastot\/koripallo\/blog\/wp-json\/wp\/v2\/categories?post=5278"},{"taxonomy":"post_tag","embeddable":true,"href":"https:\/\/onmky.fi\/osastot\/koripallo\/blog\/wp-json\/wp\/v2\/tags?post=5278"}],"curies":[{"name":"wp","href":"https:\/\/api.w.org\/{rel}","templated":true}]}}