{"id":7814,"date":"2023-06-02T15:29:34","date_gmt":"2023-06-02T12:29:34","guid":{"rendered":"https:\/\/onmky.fi\/osastot\/koripallo\/blog\/?p=7814"},"modified":"2023-06-02T15:29:34","modified_gmt":"2023-06-02T12:29:34","slug":"kevaan-pirkka-street-basket-kiertue-paatokseen-oulussa","status":"publish","type":"post","link":"https:\/\/onmky.fi\/osastot\/koripallo\/blog\/2023\/06\/02\/kevaan-pirkka-street-basket-kiertue-paatokseen-oulussa\/","title":{"rendered":"Kev\u00e4\u00e4n Pirkka Street Basket -kiertue p\u00e4\u00e4t\u00f6kseen Oulussa"},"content":{"rendered":"<p>Oulun NMKY j\u00e4rjesti kev\u00e4\u00e4n Pirkka Street Basket -kiertueen viimeisen tapahtuman. Aamulla satoi, mutta tapahtuman alkaessa saatiin aurinkokin onneksi paistamaan! Sek\u00e4 kentill\u00e4 ett\u00e4 niiden laidoilla pidettiin hauskaa ja tanssittiin musiikin kanssa &#8211; oli kerrassaan upea p\u00e4iv\u00e4!<\/p>\n<p>Lars Ekstr\u00f6m, Oulun NMKY:n nuorisop\u00e4\u00e4llikk\u00f6 kommentoi tapahtumaa: &#8221;Onhan t\u00e4\u00e4 kouluvuoden kohokohta! On hienoa n\u00e4hd\u00e4 miten n\u00e4iden tapahtumien j\u00e4rjest\u00e4minen ja yhteisty\u00f6 sujuu niin vaivattomasti kaikkien eri tahojen v\u00e4lill\u00e4.&#8221;<br \/>\nPelit pelattiin K-Citymarket Kaakkurin pihalla, joka my\u00f6s toimitti pelaajille sek\u00e4 kannustajille v\u00e4lipalaa, kiitos siit\u00e4!<br \/>\nKev\u00e4\u00e4n kiertue on nyt paketissa, ja rekka l\u00e4htee kes\u00e4laitumille.<br \/>\nPirkka Street Basket jatkuu kuitenkin syksyll\u00e4\u00a0taas,\u00a0toivottavasti n\u00e4hd\u00e4\u00e4n silloin!<\/p>\n<p>&nbsp;<\/p>\n<p><em>Teksti ja kuva Saara Pitk\u00e4nen<\/em><\/p>\n","protected":false},"excerpt":{"rendered":"<p>Oulun NMKY j\u00e4rjesti kev\u00e4\u00e4n Pirkka Street Basket -kiertueen viimeisen tapahtuman. Aamulla satoi, mutta tapahtuman alkaessa saatiin aurinkokin onneksi paistamaan! Sek\u00e4 kentill\u00e4 ett\u00e4 niiden laidoilla pidettiin hauskaa ja tanssittiin musiikin kanssa &#8211; oli kerrassaan upea p\u00e4iv\u00e4! Lars Ekstr\u00f6m, Oulun NMKY:n nuorisop\u00e4\u00e4llikk\u00f6 kommentoi tapahtumaa: &#8221;Onhan t\u00e4\u00e4 kouluvuoden kohokohta! On hienoa n\u00e4hd\u00e4 miten n\u00e4iden tapahtumien j\u00e4rjest\u00e4minen ja yhteisty\u00f6 [&hellip;]<\/p>\n","protected":false},"author":86,"featured_media":7816,"comment_status":"open","ping_status":"open","sticky":false,"template":"","format":"standard","meta":{"_et_pb_use_builder":"","_et_pb_old_content":"","_et_gb_content_width":"","footnotes":""},"categories":[64],"tags":[],"class_list":["post-7814","post","type-post","status-publish","format-standard","has-post-thumbnail","hentry","category-64"],"_links":{"self":[{"href":"https:\/\/onmky.fi\/osastot\/koripallo\/blog\/wp-json\/wp\/v2\/posts\/7814","targetHints":{"allow":["GET"]}}],"collection":[{"href":"https:\/\/onmky.fi\/osastot\/koripallo\/blog\/wp-json\/wp\/v2\/posts"}],"about":[{"href":"https:\/\/onmky.fi\/osastot\/koripallo\/blog\/wp-json\/wp\/v2\/types\/post"}],"author":[{"embeddable":true,"href":"https:\/\/onmky.fi\/osastot\/koripallo\/blog\/wp-json\/wp\/v2\/users\/86"}],"replies":[{"embeddable":true,"href":"https:\/\/onmky.fi\/osastot\/koripallo\/blog\/wp-json\/wp\/v2\/comments?post=7814"}],"version-history":[{"count":1,"href":"https:\/\/onmky.fi\/osastot\/koripallo\/blog\/wp-json\/wp\/v2\/posts\/7814\/revisions"}],"predecessor-version":[{"id":7817,"href":"https:\/\/onmky.fi\/osastot\/koripallo\/blog\/wp-json\/wp\/v2\/posts\/7814\/revisions\/7817"}],"wp:featuredmedia":[{"embeddable":true,"href":"https:\/\/onmky.fi\/osastot\/koripallo\/blog\/wp-json\/wp\/v2\/media\/7816"}],"wp:attachment":[{"href":"https:\/\/onmky.fi\/osastot\/koripallo\/blog\/wp-json\/wp\/v2\/media?parent=7814"}],"wp:term":[{"taxonomy":"category","embeddable":true,"href":"https:\/\/onmky.fi\/osastot\/koripallo\/blog\/wp-json\/wp\/v2\/categories?post=7814"},{"taxonomy":"post_tag","embeddable":true,"href":"https:\/\/onmky.fi\/osastot\/koripallo\/blog\/wp-json\/wp\/v2\/tags?post=7814"}],"curies":[{"name":"wp","href":"https:\/\/api.w.org\/{rel}","templated":true}]}}