{"id":8664,"date":"2025-08-14T09:31:37","date_gmt":"2025-08-14T06:31:37","guid":{"rendered":"https:\/\/onmky.fi\/osastot\/koripallo\/blog\/?p=8664"},"modified":"2025-08-18T08:35:01","modified_gmt":"2025-08-18T05:35:01","slug":"tuiran-vuorot-peruttu-elokuun-ajalta","status":"publish","type":"post","link":"https:\/\/onmky.fi\/osastot\/koripallo\/blog\/2025\/08\/14\/tuiran-vuorot-peruttu-elokuun-ajalta\/","title":{"rendered":"Tuiran vuorot peruttu elokuun ajalta"},"content":{"rendered":"<p>Juuri saamamme tiedon mukaan Tuiran uuden koulun salivuorot on peruttu elokuun ajalta, koska siell\u00e4 ei ole viel\u00e4 avaimia iltak\u00e4ytt\u00e4jille. Pyrimme selvitt\u00e4m\u00e4\u00e4n korvaavia vuoroja, niille joilla on vuoroja ko. salissa.<\/p>\n","protected":false},"excerpt":{"rendered":"<p>Juuri saamamme tiedon mukaan Tuiran uuden koulun salivuorot on peruttu elokuun ajalta, koska siell\u00e4 ei ole viel\u00e4 avaimia iltak\u00e4ytt\u00e4jille. Pyrimme selvitt\u00e4m\u00e4\u00e4n korvaavia vuoroja, niille joilla on vuoroja ko. salissa.<\/p>\n","protected":false},"author":82,"featured_media":0,"comment_status":"open","ping_status":"open","sticky":false,"template":"","format":"standard","meta":{"_et_pb_use_builder":"","_et_pb_old_content":"","_et_gb_content_width":"","footnotes":""},"categories":[4],"tags":[],"class_list":["post-8664","post","type-post","status-publish","format-standard","hentry","category-tiedotukset"],"_links":{"self":[{"href":"https:\/\/onmky.fi\/osastot\/koripallo\/blog\/wp-json\/wp\/v2\/posts\/8664","targetHints":{"allow":["GET"]}}],"collection":[{"href":"https:\/\/onmky.fi\/osastot\/koripallo\/blog\/wp-json\/wp\/v2\/posts"}],"about":[{"href":"https:\/\/onmky.fi\/osastot\/koripallo\/blog\/wp-json\/wp\/v2\/types\/post"}],"author":[{"embeddable":true,"href":"https:\/\/onmky.fi\/osastot\/koripallo\/blog\/wp-json\/wp\/v2\/users\/82"}],"replies":[{"embeddable":true,"href":"https:\/\/onmky.fi\/osastot\/koripallo\/blog\/wp-json\/wp\/v2\/comments?post=8664"}],"version-history":[{"count":1,"href":"https:\/\/onmky.fi\/osastot\/koripallo\/blog\/wp-json\/wp\/v2\/posts\/8664\/revisions"}],"predecessor-version":[{"id":8665,"href":"https:\/\/onmky.fi\/osastot\/koripallo\/blog\/wp-json\/wp\/v2\/posts\/8664\/revisions\/8665"}],"wp:attachment":[{"href":"https:\/\/onmky.fi\/osastot\/koripallo\/blog\/wp-json\/wp\/v2\/media?parent=8664"}],"wp:term":[{"taxonomy":"category","embeddable":true,"href":"https:\/\/onmky.fi\/osastot\/koripallo\/blog\/wp-json\/wp\/v2\/categories?post=8664"},{"taxonomy":"post_tag","embeddable":true,"href":"https:\/\/onmky.fi\/osastot\/koripallo\/blog\/wp-json\/wp\/v2\/tags?post=8664"}],"curies":[{"name":"wp","href":"https:\/\/api.w.org\/{rel}","templated":true}]}}