{"id":8882,"date":"2026-04-29T13:30:55","date_gmt":"2026-04-29T10:30:55","guid":{"rendered":"https:\/\/onmky.fi\/osastot\/koripallo\/blog\/?p=8882"},"modified":"2026-04-29T13:31:19","modified_gmt":"2026-04-29T10:31:19","slug":"seuran-paattajaiset","status":"publish","type":"post","link":"https:\/\/onmky.fi\/osastot\/koripallo\/blog\/2026\/04\/29\/seuran-paattajaiset\/","title":{"rendered":"Kauden 25-26 p\u00e4\u00e4tt\u00e4j\u00e4iset"},"content":{"rendered":"<p data-ogsc=\"rgb(51, 51, 51)\" data-olk-copy-source=\"MessageBody\">Tervetuloa Oulun NMKY:n juniorikoripalloilijoiden kauden 2025-26 p\u00e4\u00e4tt\u00e4j\u00e4isiin!<\/p>\n<p>Paikka: Kastellin monitoimitalon A-sali<br \/>\nAika: ke 20.5. klo 18:00 alkaen<\/p>\n<p data-ogsc=\"rgb(51, 51, 51)\">Tapahtumassa palkitaan kauden aikana ansioituneita pelaajia ja taustahenkil\u00f6it\u00e4. Lis\u00e4ksi luvassa on lyhyit\u00e4 puheita ja pient\u00e4 naposteltavaa. Virallisen osuuden j\u00e4lkeen halukkailla on mahdollisuus j\u00e4\u00e4d\u00e4 saliin pelailemaan koripalloa &#x1f3c0;<\/p>\n","protected":false},"excerpt":{"rendered":"<p>Tervetuloa Oulun NMKY:n juniorikoripalloilijoiden kauden 2025-26 p\u00e4\u00e4tt\u00e4j\u00e4isiin! Paikka: Kastellin monitoimitalon A-sali Aika: ke 20.5. klo 18:00 alkaen Tapahtumassa palkitaan kauden aikana ansioituneita pelaajia ja taustahenkil\u00f6it\u00e4. Lis\u00e4ksi luvassa on lyhyit\u00e4 puheita ja pient\u00e4 naposteltavaa. Virallisen osuuden j\u00e4lkeen halukkailla on mahdollisuus j\u00e4\u00e4d\u00e4 saliin pelailemaan koripalloa &#x1f3c0;<\/p>\n","protected":false},"author":95,"featured_media":0,"comment_status":"open","ping_status":"open","sticky":false,"template":"","format":"standard","meta":{"_et_pb_use_builder":"","_et_pb_old_content":"","_et_gb_content_width":"","footnotes":""},"categories":[1],"tags":[],"class_list":["post-8882","post","type-post","status-publish","format-standard","hentry","category-uncategorized"],"_links":{"self":[{"href":"https:\/\/onmky.fi\/osastot\/koripallo\/blog\/wp-json\/wp\/v2\/posts\/8882","targetHints":{"allow":["GET"]}}],"collection":[{"href":"https:\/\/onmky.fi\/osastot\/koripallo\/blog\/wp-json\/wp\/v2\/posts"}],"about":[{"href":"https:\/\/onmky.fi\/osastot\/koripallo\/blog\/wp-json\/wp\/v2\/types\/post"}],"author":[{"embeddable":true,"href":"https:\/\/onmky.fi\/osastot\/koripallo\/blog\/wp-json\/wp\/v2\/users\/95"}],"replies":[{"embeddable":true,"href":"https:\/\/onmky.fi\/osastot\/koripallo\/blog\/wp-json\/wp\/v2\/comments?post=8882"}],"version-history":[{"count":2,"href":"https:\/\/onmky.fi\/osastot\/koripallo\/blog\/wp-json\/wp\/v2\/posts\/8882\/revisions"}],"predecessor-version":[{"id":8884,"href":"https:\/\/onmky.fi\/osastot\/koripallo\/blog\/wp-json\/wp\/v2\/posts\/8882\/revisions\/8884"}],"wp:attachment":[{"href":"https:\/\/onmky.fi\/osastot\/koripallo\/blog\/wp-json\/wp\/v2\/media?parent=8882"}],"wp:term":[{"taxonomy":"category","embeddable":true,"href":"https:\/\/onmky.fi\/osastot\/koripallo\/blog\/wp-json\/wp\/v2\/categories?post=8882"},{"taxonomy":"post_tag","embeddable":true,"href":"https:\/\/onmky.fi\/osastot\/koripallo\/blog\/wp-json\/wp\/v2\/tags?post=8882"}],"curies":[{"name":"wp","href":"https:\/\/api.w.org\/{rel}","templated":true}]}}