{"id":9679,"date":"2026-09-01T12:00:16","date_gmt":"2026-09-01T09:00:16","guid":{"rendered":"https:\/\/onmky.fi\/osastot\/koripallo\/blog\/?p=9679"},"modified":"2026-09-01T10:08:34","modified_gmt":"2026-09-01T07:08:34","slug":"oulun-nmky-toimisto-vahvistuu-petteri-molenius-ja-siiri-sarias-uusiin-tehtaviin","status":"publish","type":"post","link":"https:\/\/onmky.fi\/osastot\/koripallo\/blog\/2026\/09\/01\/oulun-nmky-toimisto-vahvistuu-petteri-molenius-ja-siiri-sarias-uusiin-tehtaviin\/","title":{"rendered":"Oulun NMKY toimisto vahvistuu \u2013 Petteri Molenius ja Siiri Sarias uusiin teht\u00e4viin"},"content":{"rendered":"<p class=\"isSelectedEnd\">Oulun NMKY toimisto vahvistuu kahdella osaajalla. Petteri Molenius on aloittanut seuran uutena valmennusp\u00e4\u00e4llikk\u00f6n\u00e4 ja Siiri Sarias aloittaa 3. syyskuuta harraste- ja tapahtumap\u00e4\u00e4llikk\u00f6n\u00e4.<\/p>\n<p class=\"isSelectedEnd\">Uusien vastuuhenkil\u00f6iden my\u00f6t\u00e4 seura vahvistaa niin valmennustoiminnan pitk\u00e4j\u00e4nteist\u00e4 kehitt\u00e4mist\u00e4 kuin harrastustoiminnan ja tapahtumien j\u00e4rjest\u00e4mist\u00e4.<\/p>\n<p><strong>Petteri Molenius aloitti uutena valmennusp\u00e4\u00e4llikk\u00f6n\u00e4<\/strong><\/p>\n<p class=\"isSelectedEnd\">Petteri Molenius aloitti Oulun NMKY uutena valmennusp\u00e4\u00e4llikk\u00f6n\u00e4 17. elokuuta. Valmennusp\u00e4\u00e4llikk\u00f6n\u00e4 Petteri vastaa seuran valmennustoiminnan kehitt\u00e4misest\u00e4 ja tukee valmentajia heid\u00e4n ty\u00f6ss\u00e4\u00e4n.<\/p>\n<p class=\"isSelectedEnd\">Petterin teht\u00e4viin kuuluvat muun muassa valmennuslinjan kehitt\u00e4minen, valmentajien rekrytointi, perehdytys ja tukeminen sek\u00e4 valmentajakoulutusten koordinointi. Tavoitteena on rakentaa entist\u00e4 yhten\u00e4isemp\u00e4\u00e4 valmennusta ja selkeit\u00e4 pelaajapolkuja eri ik\u00e4luokkien v\u00e4lille sek\u00e4 kehitt\u00e4\u00e4 valmennuksen laatua ja yhteisi\u00e4 toimintatapoja l\u00e4pi junioritoiminnan.<\/p>\n<p class=\"isSelectedEnd\">Petteri toimii Oulun NMKY teht\u00e4v\u00e4ns\u00e4 lis\u00e4ksi AC Oulu Basketin miesten edustusjoukkueen apuvalmentajana. H\u00e4nell\u00e4 on monipuolinen kokemus niin junioripelaajien kehitt\u00e4misest\u00e4 kuin aikuisten p\u00e4\u00e4sarjatason valmennuksesta.<\/p>\n<p class=\"isSelectedEnd\">Ensimm\u00e4isten ty\u00f6viikkojensa aikana Petteri on p\u00e4\u00e4ssyt tutustumaan seuran joukkueisiin, valmentajiin ja toimintaan sek\u00e4 k\u00e4ynnist\u00e4m\u00e4\u00e4n uuden kauden valmennustoimintaa.<\/p>\n<p class=\"isSelectedEnd\"><em>&#8221;Kiva olla Oulussa. Olen nyt ensimm\u00e4isen kahden viikon aikana tutustunut valmentajiin sek\u00e4 joukkueisiin ja ensivaikutelma on ollut oikein positiivinen. Tavoite on jatkossakin olla paljon n\u00e4kyvill\u00e4 ja tutustua uusiin ihmisiin, joten jos tulee mit\u00e4\u00e4n valmennukseen liittyv\u00e4\u00e4 kysytt\u00e4v\u00e4\u00e4, niin saa olla rohkeasti yhteydess\u00e4.&#8221;\u00a0<\/em>&#8211; Petteri<\/p>\n<p><strong>Siiri Sarias aloittaa harraste- ja tapahtumap\u00e4\u00e4llikk\u00f6n\u00e4<\/strong><\/p>\n<p class=\"isSelectedEnd\">Siiri Sarias aloittaa Oulun NMKY uutena harraste- ja tapahtumap\u00e4\u00e4llikk\u00f6n\u00e4 torstaina 3. syyskuuta Essin siirtyess\u00e4 uusiin teht\u00e4viin. Siiri ottaa vastuulleen koripallon harrastetoiminnan hallinnolliset teht\u00e4v\u00e4t.<\/p>\n<p class=\"isSelectedEnd\">Siiri on monille tuttu kasvo Oulun NMKY koripallotoiminnasta ja seura on h\u00e4nelle tuttu jo pitk\u00e4lt\u00e4 ajalta. H\u00e4n on toiminut koripallo-osaston johtokunnassa, Oulun NMKY hallituksessa sek\u00e4 useissa luottamusteht\u00e4viss\u00e4 Suomen Koripalloliitossa. N\u00e4iden teht\u00e4vien kautta Siirille on muodostunut laaja n\u00e4kemys niin seuratoiminnasta, suomalaisesta koripallosta kuin vapaaehtoisten, harrastajien ja seuratoimijoiden merkityksest\u00e4 toimivan yhteis\u00f6n rakentamisessa.<\/p>\n<p class=\"isSelectedEnd\">Siirill\u00e4 on lis\u00e4ksi vahva ammatillinen tausta liikunnan, tapahtumien ja j\u00e4rjest\u00f6toiminnan parissa. Uudessa teht\u00e4v\u00e4ss\u00e4\u00e4n h\u00e4n p\u00e4\u00e4see yhdist\u00e4m\u00e4\u00e4n ammatillisen osaamisensa ja pitk\u00e4n kokemuksensa seuratoiminnasta. Harraste- ja tapahtumap\u00e4\u00e4llik\u00f6n teht\u00e4v\u00e4ss\u00e4 keskeist\u00e4 on huolehtia siit\u00e4, ett\u00e4 harrastamisen arki toimii mahdollisimman sujuvasti sek\u00e4 kehitt\u00e4\u00e4 toimintaa yhdess\u00e4 seuran muiden ty\u00f6ntekij\u00f6iden, valmentajien, vapaaehtoisten ja harrastajien kanssa.<\/p>\n<p>Siirin vahvuutena uuteen teht\u00e4v\u00e4\u00e4n siirtyess\u00e4 on my\u00f6s se, ett\u00e4 Oulun NMKY yhteis\u00f6n\u00e4 on h\u00e4nelle jo entuudestaan tuttu. Uuteen rooliin ei siis tarvitse tulla t\u00e4ysin uutena kasvona, vaan h\u00e4n p\u00e4\u00e4see jatkamaan ja kehitt\u00e4m\u00e4\u00e4n toimintaa jo olemassa olevan seur tuntemuksen pohjalta.<\/p>\n<p class=\"isSelectedEnd\"><em>&#8221;Tosi kiva p\u00e4\u00e4st\u00e4 hy\u00f6dynt\u00e4m\u00e4\u00e4n omaa ammattitaitoa ja kokemusta ONMKY:n arjen py\u00f6ritt\u00e4miseen ja toiminnan kehitt\u00e4miseen. Minulle on merkityksellist\u00e4, ett\u00e4 saan antaa oman panokseni sen eteen, ett\u00e4 hommat toimii ja ONMKY:ss\u00e4 on hyv\u00e4 harrastaa.&#8221;\u00a0 <\/em>&#8211; Siiri<\/p>\n<p>Petterin ja Siirin my\u00f6t\u00e4 Oulun NMKY saa lis\u00e4\u00e4 osaamista kahdelle toiminnan kannalta t\u00e4rke\u00e4lle osa-alueelle. Toivotamme Petterille ja Siirille menestyst\u00e4 uusiin teht\u00e4viin!<\/p>\n","protected":false},"excerpt":{"rendered":"<p>Oulun NMKY toimisto vahvistuu kahdella osaajalla. Petteri Molenius on aloittanut seuran uutena valmennusp\u00e4\u00e4llikk\u00f6n\u00e4 ja Siiri Sarias aloittaa 3. syyskuuta harraste- ja tapahtumap\u00e4\u00e4llikk\u00f6n\u00e4. Uusien vastuuhenkil\u00f6iden my\u00f6t\u00e4 seura vahvistaa niin valmennustoiminnan pitk\u00e4j\u00e4nteist\u00e4 kehitt\u00e4mist\u00e4 kuin harrastustoiminnan ja tapahtumien j\u00e4rjest\u00e4mist\u00e4. Petteri Molenius aloitti uutena valmennusp\u00e4\u00e4llikk\u00f6n\u00e4 Petteri Molenius aloitti Oulun NMKY uutena valmennusp\u00e4\u00e4llikk\u00f6n\u00e4 17. elokuuta. Valmennusp\u00e4\u00e4llikk\u00f6n\u00e4 Petteri vastaa seuran valmennustoiminnan [&hellip;]<\/p>\n","protected":false},"author":95,"featured_media":0,"comment_status":"open","ping_status":"open","sticky":false,"template":"","format":"standard","meta":{"_et_pb_use_builder":"","_et_pb_old_content":"","_et_gb_content_width":"","footnotes":""},"categories":[1],"tags":[],"class_list":["post-9679","post","type-post","status-publish","format-standard","hentry","category-uncategorized"],"_links":{"self":[{"href":"https:\/\/onmky.fi\/osastot\/koripallo\/blog\/wp-json\/wp\/v2\/posts\/9679","targetHints":{"allow":["GET"]}}],"collection":[{"href":"https:\/\/onmky.fi\/osastot\/koripallo\/blog\/wp-json\/wp\/v2\/posts"}],"about":[{"href":"https:\/\/onmky.fi\/osastot\/koripallo\/blog\/wp-json\/wp\/v2\/types\/post"}],"author":[{"embeddable":true,"href":"https:\/\/onmky.fi\/osastot\/koripallo\/blog\/wp-json\/wp\/v2\/users\/95"}],"replies":[{"embeddable":true,"href":"https:\/\/onmky.fi\/osastot\/koripallo\/blog\/wp-json\/wp\/v2\/comments?post=9679"}],"version-history":[{"count":1,"href":"https:\/\/onmky.fi\/osastot\/koripallo\/blog\/wp-json\/wp\/v2\/posts\/9679\/revisions"}],"predecessor-version":[{"id":9680,"href":"https:\/\/onmky.fi\/osastot\/koripallo\/blog\/wp-json\/wp\/v2\/posts\/9679\/revisions\/9680"}],"wp:attachment":[{"href":"https:\/\/onmky.fi\/osastot\/koripallo\/blog\/wp-json\/wp\/v2\/media?parent=9679"}],"wp:term":[{"taxonomy":"category","embeddable":true,"href":"https:\/\/onmky.fi\/osastot\/koripallo\/blog\/wp-json\/wp\/v2\/categories?post=9679"},{"taxonomy":"post_tag","embeddable":true,"href":"https:\/\/onmky.fi\/osastot\/koripallo\/blog\/wp-json\/wp\/v2\/tags?post=9679"}],"curies":[{"name":"wp","href":"https:\/\/api.w.org\/{rel}","templated":true}]}}